{"id":223,"date":"2007-09-06T22:02:14","date_gmt":"2007-09-06T20:02:14","guid":{"rendered":"http:\/\/www.luxorbis.org\/friedensplattform.at\/?p=223"},"modified":"2007-09-06T22:02:14","modified_gmt":"2007-09-06T20:02:14","slug":"die-sprache-der-gewalt-von-uri-avnery","status":"publish","type":"post","link":"https:\/\/www.friedensplattform.at\/?p=223","title":{"rendered":"Die Sprache der Gewalt von Uri Avnery"},"content":{"rendered":"<p>BALD NACHDEM  Ariel Sharon zur Macht kam, begann er damit, eine allgemeine Meinungsumfrage in  Auftrag zu geben. Das Ergebnis behielt er f\u00fcr sich. In dieser Woche gelang es  einem Reporter von Israels Fernsehkanal 10, einen Teil davon zu erfahren. Unter  anderem wollte Sharon wissen, was die \u00d6ffentlichkeit \u00fcber die Friedensfrage  denke. Er dachte nicht im Traum daran, selbst diesen Weg des Friedens zu gehen,  doch war es f\u00fcr ihn wichtig, \u00fcber die Trends informiert zu  sein.<\/p>\n<p>Weiterlesen auf <a href=\"http:\/\/uri-avnery.de\/magazin\/artikel.php?artikel=385&amp;type=2&amp;menuid=4&amp;topmenu=4\" title=\"Uri Avnery\" target=\"_blank\">http:\/\/uri-avnery.de\/<\/a><\/p>\n","protected":false},"excerpt":{"rendered":"<p>BALD NACHDEM Ariel Sharon zur Macht kam, begann er damit, eine allgemeine Meinungsumfrage in Auftrag zu geben. Das Ergebnis behielt er f\u00fcr sich. In dieser Woche gelang es einem Reporter von Israels Fernsehkanal 10, einen Teil davon zu erfahren. Unter anderem wollte Sharon wissen, was die \u00d6ffentlichkeit \u00fcber die Friedensfrage denke. Er dachte nicht im &hellip; <a href=\"https:\/\/www.friedensplattform.at\/?p=223\" class=\"more-link\"><span class=\"screen-reader-text\">Die Sprache der Gewalt von Uri Avnery<\/span> weiterlesen <span class=\"meta-nav\">&rarr;<\/span><\/a><\/p>\n","protected":false},"author":1,"featured_media":0,"comment_status":"open","ping_status":"open","sticky":false,"template":"","format":"standard","meta":{"footnotes":""},"categories":[5],"tags":[],"class_list":["post-223","post","type-post","status-publish","format-standard","hentry","category-arabischer-raum"],"_links":{"self":[{"href":"https:\/\/www.friedensplattform.at\/index.php?rest_route=\/wp\/v2\/posts\/223","targetHints":{"allow":["GET"]}}],"collection":[{"href":"https:\/\/www.friedensplattform.at\/index.php?rest_route=\/wp\/v2\/posts"}],"about":[{"href":"https:\/\/www.friedensplattform.at\/index.php?rest_route=\/wp\/v2\/types\/post"}],"author":[{"embeddable":true,"href":"https:\/\/www.friedensplattform.at\/index.php?rest_route=\/wp\/v2\/users\/1"}],"replies":[{"embeddable":true,"href":"https:\/\/www.friedensplattform.at\/index.php?rest_route=%2Fwp%2Fv2%2Fcomments&post=223"}],"version-history":[{"count":0,"href":"https:\/\/www.friedensplattform.at\/index.php?rest_route=\/wp\/v2\/posts\/223\/revisions"}],"wp:attachment":[{"href":"https:\/\/www.friedensplattform.at\/index.php?rest_route=%2Fwp%2Fv2%2Fmedia&parent=223"}],"wp:term":[{"taxonomy":"category","embeddable":true,"href":"https:\/\/www.friedensplattform.at\/index.php?rest_route=%2Fwp%2Fv2%2Fcategories&post=223"},{"taxonomy":"post_tag","embeddable":true,"href":"https:\/\/www.friedensplattform.at\/index.php?rest_route=%2Fwp%2Fv2%2Ftags&post=223"}],"curies":[{"name":"wp","href":"https:\/\/api.w.org\/{rel}","templated":true}]}}