{"id":225,"date":"2007-09-16T21:20:16","date_gmt":"2007-09-16T19:20:16","guid":{"rendered":"http:\/\/www.luxorbis.org\/friedensplattform.at\/?p=225"},"modified":"2007-09-16T21:20:16","modified_gmt":"2007-09-16T19:20:16","slug":"artikel-im-inprekorr-nr-430431","status":"publish","type":"post","link":"https:\/\/www.friedensplattform.at\/?p=225","title":{"rendered":"Artikel im Inprekorr Nr. 430\/431"},"content":{"rendered":"<p><font face=\"Century Gothic\" size=\"2\"><span style=\"font-size: 11pt\"><span>Pal\u00e4stina:<\/span><\/span><\/font><\/p>\n<p><font face=\"Century Gothic\" size=\"2\">Die Lage der pal\u00e4stinensischen Bev\u00f6lkerung nach dem Bruch der nationalen Einheit  der politischen Elite<br \/>\n<\/font><!--more--><\/p>\n<p><font face=\"Century Gothic\" size=\"2\">Von Ingrid Jaradat<\/font><\/p>\n<p><font face=\"Century Gothic\" size=\"2\">Seit 2001 ist der im Oslo-Abkommen ausgehandelte Status der seit 1967 besetzten pal\u00e4stinensischen Gebiete de facto ausgehebelt durch den Wiedereinmarsch der Israelis in die halbautonomen Pal\u00e4stinensergebiete, die Zerst\u00f6rung der Infrastruktur der pal\u00e4stinensischen Autonomiebeh\u00f6rde und die nachfolgende Einsetzung eines zunehmend restriktiveren Milit\u00e4rregimes, das die Kolonisierung und Beschlagnahmung von Territorien weiter intensiviert. Sechs Jahre danach scheint nun auch das politische System, das den Kampf der Pal\u00e4stinenserInnen jahrzehntelang gepr\u00e4gt hat, diesen ge\u00e4nderten Realit\u00e4ten anheim zu fallen. Nach dem Auseinanderbrechen der Koalitionsregierung zwischen Fatah und Hamas im Juni sind die von der Fatah gef\u00fchrte Autonomiebeh\u00f6rde und die PLO v\u00f6llig diskreditiert und ohne Einfluss. Das politische System dieser pal\u00e4stinensischen F\u00fchrungselite scheint irreparabel angeschlagen zu sein<\/font><\/p>\n<p><font face=\"Century Gothic\" size=\"2\"><span style=\"font-size: 11pt\"><span><\/span><\/span><\/font><\/p>\n<p><a href=\"http:\/\/inprekorr.de\/430-pal.htm\" title=\"inprekorr.de\" target=\"_blank\">weiterlesen auf Inprekorr <\/a><\/p>\n","protected":false},"excerpt":{"rendered":"<p>Pal\u00e4stina: Die Lage der pal\u00e4stinensischen Bev\u00f6lkerung nach dem Bruch der nationalen Einheit der politischen Elite<\/p>\n","protected":false},"author":1,"featured_media":0,"comment_status":"open","ping_status":"open","sticky":false,"template":"","format":"standard","meta":{"footnotes":""},"categories":[5],"tags":[],"class_list":["post-225","post","type-post","status-publish","format-standard","hentry","category-arabischer-raum"],"_links":{"self":[{"href":"https:\/\/www.friedensplattform.at\/index.php?rest_route=\/wp\/v2\/posts\/225","targetHints":{"allow":["GET"]}}],"collection":[{"href":"https:\/\/www.friedensplattform.at\/index.php?rest_route=\/wp\/v2\/posts"}],"about":[{"href":"https:\/\/www.friedensplattform.at\/index.php?rest_route=\/wp\/v2\/types\/post"}],"author":[{"embeddable":true,"href":"https:\/\/www.friedensplattform.at\/index.php?rest_route=\/wp\/v2\/users\/1"}],"replies":[{"embeddable":true,"href":"https:\/\/www.friedensplattform.at\/index.php?rest_route=%2Fwp%2Fv2%2Fcomments&post=225"}],"version-history":[{"count":0,"href":"https:\/\/www.friedensplattform.at\/index.php?rest_route=\/wp\/v2\/posts\/225\/revisions"}],"wp:attachment":[{"href":"https:\/\/www.friedensplattform.at\/index.php?rest_route=%2Fwp%2Fv2%2Fmedia&parent=225"}],"wp:term":[{"taxonomy":"category","embeddable":true,"href":"https:\/\/www.friedensplattform.at\/index.php?rest_route=%2Fwp%2Fv2%2Fcategories&post=225"},{"taxonomy":"post_tag","embeddable":true,"href":"https:\/\/www.friedensplattform.at\/index.php?rest_route=%2Fwp%2Fv2%2Ftags&post=225"}],"curies":[{"name":"wp","href":"https:\/\/api.w.org\/{rel}","templated":true}]}}