{"id":2255,"date":"2012-07-13T08:30:32","date_gmt":"2012-07-13T06:30:32","guid":{"rendered":"http:\/\/www.luxorbis.org\/friedensplattform.at\/?p=2255"},"modified":"2012-07-13T08:30:32","modified_gmt":"2012-07-13T06:30:32","slug":"friedensburg-schlaining-manifest-der-29-sommerakademie-presse-aussendung-9_12-06-07-2012","status":"publish","type":"post","link":"https:\/\/www.friedensplattform.at\/?p=2255","title":{"rendered":"Versuchter Lynchmord l&#246;st Rassismus-Debatte in Israel aus"},"content":{"rendered":"<address>Israel sieht sich als Demokratie, in der  alle B\u00fcrgerinnen und B\u00fcrger gleiche Rechte genie\u00dfen. Dieses Selbstbild  ist ersch\u00fcttert, seit j\u00fcdische Jugendliche einen Pal\u00e4stinenser fast  totgeschlagen haben.\u00a0 <!--more--><br \/>\n<\/address>\n<div id=\"articlemedia\">\n<table border=\"0\" cellspacing=\"0\" cellpadding=\"0\">\n<tbody>\n<tr>\n<td><\/td>\n<td><\/td>\n<td><\/td>\n<\/tr>\n<tr>\n<td><\/td>\n<td>\n<div style=\"background-color:white; background-repeat:no-repeat; background-position: center center; background-image: url('\/csp\/cms\/sites\/dt.common.streams.StreamServer.cls?STREAMOID=s5yP6W23q_DYdGEdCXVypc$daE2N3K4ZzOUsqbU5sYsDy2_8cdnvtL$VDSl50TYuWCsjLu883Ygn4B49Lvm9bPe2QeMKQdVeZmXF$9l$4uCZ8QDXhaHEp3rvzXRJFdy0KqPHLoMevcTLo3h8xh70Y6N_U_CryOsw6FTOdKL_jpQ-&amp;CONTENTTYPE=image\/jpeg'); \"><img loading=\"lazy\" decoding=\"async\" src=\"http:\/\/www.tt.com\/csp\/cms\/sites\/tt\/resources\/images\/elements\/transparent.gif\" alt=\"\" width=\"378\" height=\"151\" \/><\/div>\n<div>\n<div>Foto: AP<\/div>\n<\/div>\n<\/td>\n<td><\/td>\n<\/tr>\n<tr>\n<td><\/td>\n<td><\/td>\n<td><\/td>\n<\/tr>\n<\/tbody>\n<\/table>\n<\/div>\n<div style=\"float:left; padding-right:15px;\">\n<div id=\"articelBox\"><\/div>\n<\/div>\n<div id=\"DTElementID-11976857\"><em>Von Jan-Uwe Ronneburger<\/em><\/p>\n<p><strong>Jerusalem <\/strong>\u2013  Eine Horde j\u00fcdischer Jugendlicher macht nachts in Jerusalem Jagd auf  Pal\u00e4stinenser. \u201eTod den Arabern\u201c br\u00fcllen sie und \u201eAraber sind  Hurens\u00f6hne\u201c. Als sie den fl\u00fcchtenden 17-j\u00e4hrigen Jamal Julani zu fassen  bekommen, pr\u00fcgeln nach Aussage eines der Beteiligten etwa 40 entfesselte  Jugendliche auf ihn ein, auch noch, als der Pal\u00e4stinenser schon  bewusstlos auf dem Boden liegt.<br \/>\nAusl\u00f6ser der Gewalt am Donnerstag vergangener Woche soll ein  M\u00e4dchen der j\u00fcdischen Gruppe gewesen sein, die behauptete, ein Araber  habe sie vergewaltigt und nun gelte es Rache zu nehmen. Der Polizist  Shmuel Shenhav bezeichnet das Verbrechen sp\u00e4ter als versuchten  \u201eLynchmord\u201c. Israel ist schockiert.<\/p>\n<p><strong><br \/>\n\u201eEr ist doch nur ein Araber\u201c<\/strong><\/p>\n<p>Fast  ebenso schrecklich wie die Tat selbst war das, was einer der  festgenommenen acht Verd\u00e4chtigen im Alter zwischen 13 und 19 Jahren  sp\u00e4ter von sich gab. \u201eWenn\u2018s nach mir ginge, soll er (Julani) doch  sterben. Er ist doch nur ein Araber\u201c, zitierte die Zeitung Haaretz den  erst 14-J\u00e4hrigen w\u00e4hrend einer Anh\u00f6rung vor Gericht.<\/p>\n<p>Eines der  beteiligten M\u00e4dchen zeigte der Richterin nur zwei Stinkefinger. Von  Reue oder Mitleid mit ihrem Opfer, das erst nach einem mehrt\u00e4gigen  k\u00fcnstlichen Koma auf der Intensivstation wieder zu sich kam, keine Spur.  Die israelische Gesellschaft ist ersch\u00fcttert und fragt sich, wie es  soweit kommen konnte in der \u201eeinzigen Demokratie\u201c des Nahen Ostens, wie  sich Israel selbst bezeichnet.<\/p>\n<p>Ministerpr\u00e4sident Benjamin  Netanyahu bem\u00fcht sich um Schadensbegrenzung. Er sieht Israel schon wegen  der Besatzungspolitik im Westjordanland, dem Siedlungsbau, der Blockade  des Gazastreifens und nun wegen der Kriegsdrohungen gegen den Iran  ungerechterweise internationaler Kritik ausgesetzt: \u201eDer Staat Israel  toleriert weder Rassismus noch Gewalt\u201c, die T\u00e4ter w\u00fcrden bestraft.  Israel sei ein demokratischer und aufgekl\u00e4rter Staat, in dem alle  f\u00fchrenden Pers\u00f6nlichkeiten gegen solche Vorkommnisse seien. \u201eDies  unterscheidet uns von unseren Nachbarn\u201c, f\u00fcgte er mit einem Seitenblick  auf den blutigen Konflikt in Syrien hinzu.<\/p>\n<p>Pr\u00e4sident Shimon Peres las Eltern, Lehrern und Erziehern die  Leviten. Sie seien aufgerufen, die n\u00e4chste Generation \u201enicht nur zu  Tapferkeit, sondern auch zu Gro\u00dfz\u00fcgigkeit\u201c zu erziehen, sagte er. \u201eWir  m\u00fcssen Werte vermitteln, die ein wenig ins Vergessen geraten sind. Das  Land ist uns lieb, aber das menschliche Leben ist genauso wichtig.\u201c<\/p>\n<p><strong><br \/>\nAngespanntes Verh\u00e4ltnis<br \/>\n<\/strong><br \/>\nTats\u00e4chlich  ist das Verh\u00e4ltnis zwischen den 5,9 Millionen j\u00fcdischen Israelis und der  Minderheit von 1,6 Millionen arabischen Israelis gespannt. Vor allem in  Jerusalem, der Nahtstelle des Konflikts. Israel bezeichnet Jerusalem  als seine \u201eunteilbare Hauptstadt\u201c. Dagegen beanspruchen die  Pal\u00e4stinenser das 1967 von Israel besetzte Ost-Jerusalem als Hauptstadt  eines k\u00fcnftigen Staates.<\/p>\n<p>Viele Pal\u00e4stinenser h\u00e4tten jetzt  Angst, nachts das Haus zu verlassen, schrieb die Zeitung Jediot  Achronot. \u201eWas in Jerusalem passiert ist, kann sich ebenso hier in Jaffa  ereignen. Hier gibt es gen\u00fcgend rassistische Juden\u201c, zitierte sie den  22-j\u00e4hrigen Ahmed Mahmid.<\/p>\n<p>Auch die fr\u00fchere Polizei-Expertin  f\u00fcr Jugendgewalt, Suzy Ben-Baruch, mahnt, dass der ungel\u00f6ste Konflikt  das Problem der Jugendgewalt noch verschlimmert. \u201eEs sind oftmals  Jugendliche, die aus ihren sehr religi\u00f6sen Familien ausgebrochen sind  und dann auf der Stra\u00dfe nach einer neuen Identit\u00e4t und Anerkennung  suchen\u201c, sagte sie der Nachrichtenagentur dpa. Wenn dann M\u00e4dchen einer  Gruppe die Burschen aufhetzten, komme es schnell zu Gewalt. \u201eUnd wenn es  sich beim Gegner um Araber handelt, verst\u00e4rkt das die Aggressionen  noch\u201c.<\/p>\n<p><em> Jan-Uwe Ronneburger ist Korrespondent der dpa.<\/em><\/p>\n<p><a href=\"http:\/\/\">http:\/\/www.tt.com\/%C3%9Cberblick\/Chronik\/5302904-6\/versuchter-lynchmord-l%C3%B6st-rassismus-debatte-in-israel-aus.csp<\/a><\/div>\n","protected":false},"excerpt":{"rendered":"<p>Israel sieht sich als Demokratie, in der alle B\u00fcrgerinnen und B\u00fcrger gleiche Rechte genie\u00dfen. Dieses Selbstbild ist ersch\u00fcttert, seit j\u00fcdische Jugendliche einen Pal\u00e4stinenser fast totgeschlagen haben.\u00a0<\/p>\n","protected":false},"author":2,"featured_media":0,"comment_status":"open","ping_status":"open","sticky":false,"template":"","format":"standard","meta":{"footnotes":""},"categories":[4,5],"tags":[],"class_list":["post-2255","post","type-post","status-publish","format-standard","hentry","category-antirassismus","category-arabischer-raum"],"_links":{"self":[{"href":"https:\/\/www.friedensplattform.at\/index.php?rest_route=\/wp\/v2\/posts\/2255","targetHints":{"allow":["GET"]}}],"collection":[{"href":"https:\/\/www.friedensplattform.at\/index.php?rest_route=\/wp\/v2\/posts"}],"about":[{"href":"https:\/\/www.friedensplattform.at\/index.php?rest_route=\/wp\/v2\/types\/post"}],"author":[{"embeddable":true,"href":"https:\/\/www.friedensplattform.at\/index.php?rest_route=\/wp\/v2\/users\/2"}],"replies":[{"embeddable":true,"href":"https:\/\/www.friedensplattform.at\/index.php?rest_route=%2Fwp%2Fv2%2Fcomments&post=2255"}],"version-history":[{"count":0,"href":"https:\/\/www.friedensplattform.at\/index.php?rest_route=\/wp\/v2\/posts\/2255\/revisions"}],"wp:attachment":[{"href":"https:\/\/www.friedensplattform.at\/index.php?rest_route=%2Fwp%2Fv2%2Fmedia&parent=2255"}],"wp:term":[{"taxonomy":"category","embeddable":true,"href":"https:\/\/www.friedensplattform.at\/index.php?rest_route=%2Fwp%2Fv2%2Fcategories&post=2255"},{"taxonomy":"post_tag","embeddable":true,"href":"https:\/\/www.friedensplattform.at\/index.php?rest_route=%2Fwp%2Fv2%2Ftags&post=2255"}],"curies":[{"name":"wp","href":"https:\/\/api.w.org\/{rel}","templated":true}]}}