{"id":226,"date":"2007-09-21T20:07:55","date_gmt":"2007-09-21T18:07:55","guid":{"rendered":"http:\/\/www.luxorbis.org\/friedensplattform.at\/?p=226"},"modified":"2007-09-21T20:07:55","modified_gmt":"2007-09-21T18:07:55","slug":"hinweis-auf-eine-aussendung-des-solidaritatskomitees-fur-palastina","status":"publish","type":"post","link":"https:\/\/www.friedensplattform.at\/?p=226","title":{"rendered":"Hinweis auf eine Aussendung des \u201cSolidarit&#228;tskomitees f&#252;r Pal&#228;stina\u201d"},"content":{"rendered":"<p>Liebe Leute,<\/p>\n<p>im Anhang findet Ihr den unseren Delegationsbericht zu Pal\u00e4stina.<br \/>\nIm August waren sechs Personen aus Graz im Westjordanland und Israel unterwegs.<\/p>\n<p><!--more--><br \/>\nEin wichtiges Ziel unserer Reise war, die M\u00f6glichkeiten f\u00fcr eine Kooperation zwischen Graz und Zababdeh (Stadt im n\u00f6rdlichen Westjordanland) auszuloten.<br \/>\nWie aus dem Bericht hervorgeht, w\u00fcnschen sich die pal\u00e4stinensischen LehrerInnen einen Austausch mit \u00f6sterreichischen Schulen- auf Sch\u00fclerInnen und LehrerInnen- Ebene.<br \/>\nFalls jemand an so einem Austausch interessiert ist, kann ich gern eine Kontaktadresse zuschicken.  Besonders interessant f\u00fcr den Englischunterricht!<br \/>\nWenn jemand Ideen f\u00fcr die Oliven\u00f6lvermarktung hat, bitte wendet euch ebenfalls an uns.<\/p>\n<p>Mit freundlichen Gr\u00fc\u00dfen<br \/>\nVeronika Rochhart<br \/>\n(Solidarit\u00e4tskomitee f\u00fcr Pal\u00e4stina)<\/p>\n<p><a href=\"http:\/\/www.luxorbis.org\/friedensplattform.at\/wp-content\/uploads\/2007\/09\/delegationsbericht.pdf\" title=\"Delegationsbericht\">Delegationsbericht<\/a><\/p>\n","protected":false},"excerpt":{"rendered":"<p>Liebe Leute, im Anhang findet Ihr den unseren Delegationsbericht zu Pal\u00e4stina. Im August waren sechs Personen aus Graz im Westjordanland und Israel unterwegs.<\/p>\n","protected":false},"author":1,"featured_media":0,"comment_status":"open","ping_status":"open","sticky":false,"template":"","format":"standard","meta":{"footnotes":""},"categories":[5],"tags":[],"class_list":["post-226","post","type-post","status-publish","format-standard","hentry","category-arabischer-raum"],"_links":{"self":[{"href":"https:\/\/www.friedensplattform.at\/index.php?rest_route=\/wp\/v2\/posts\/226","targetHints":{"allow":["GET"]}}],"collection":[{"href":"https:\/\/www.friedensplattform.at\/index.php?rest_route=\/wp\/v2\/posts"}],"about":[{"href":"https:\/\/www.friedensplattform.at\/index.php?rest_route=\/wp\/v2\/types\/post"}],"author":[{"embeddable":true,"href":"https:\/\/www.friedensplattform.at\/index.php?rest_route=\/wp\/v2\/users\/1"}],"replies":[{"embeddable":true,"href":"https:\/\/www.friedensplattform.at\/index.php?rest_route=%2Fwp%2Fv2%2Fcomments&post=226"}],"version-history":[{"count":0,"href":"https:\/\/www.friedensplattform.at\/index.php?rest_route=\/wp\/v2\/posts\/226\/revisions"}],"wp:attachment":[{"href":"https:\/\/www.friedensplattform.at\/index.php?rest_route=%2Fwp%2Fv2%2Fmedia&parent=226"}],"wp:term":[{"taxonomy":"category","embeddable":true,"href":"https:\/\/www.friedensplattform.at\/index.php?rest_route=%2Fwp%2Fv2%2Fcategories&post=226"},{"taxonomy":"post_tag","embeddable":true,"href":"https:\/\/www.friedensplattform.at\/index.php?rest_route=%2Fwp%2Fv2%2Ftags&post=226"}],"curies":[{"name":"wp","href":"https:\/\/api.w.org\/{rel}","templated":true}]}}