{"id":2261,"date":"2012-08-10T10:03:09","date_gmt":"2012-08-10T08:03:09","guid":{"rendered":"http:\/\/www.luxorbis.org\/friedensplattform.at\/?p=2261"},"modified":"2012-08-10T10:03:09","modified_gmt":"2012-08-10T08:03:09","slug":"erfuellt-oesterreich-die-antirassismus-konvention-cerd","status":"publish","type":"post","link":"https:\/\/www.friedensplattform.at\/?p=2261","title":{"rendered":"Erf&#252;llt &#214;sterreich die Antirassismus-Konvention (CERD)?"},"content":{"rendered":"<div>\n<p>Text: Klagsverband \u00b7 30. Juli 2012<a href=\"http:\/\/www.klagsverband.at\/archives\/6735\" target=\"_blank\"> http:\/\/www.klagsverband.at\/archives\/6735<\/a><\/p>\n<h1>Erf\u00fcllt \u00d6sterreich die Antirassismus-Konvention (CERD)?<\/h1>\n<div>\n<p>Der Klagsverband weist in seinem Schattenbericht auf langj\u00e4hrige Anregungen hin.<!--more--><\/div>\n<p>\u00d6sterreich hat die UN-Konvention CERD bereits 1972 mit  Vorbehalten ratifiziert. CERD sieht eine regelm\u00e4\u00dfige \u00dcberpr\u00fcfung durch  das CERD-Komitee der Vereinten Nationen vor. Bei dieser \u00dcberpr\u00fcfung  geben die Mitgliedstaaten einen T\u00e4tigkeitsbericht ab und NGOs k\u00f6nnen  ihre Sicht in Form so genannter \u201cSchattenberichte\u201d abgeben.<\/p>\n<p>\u00d6sterreich wird am 22.\/23. August 2012 \u00fcberpr\u00fcft. Bisher haben neben dem KLagsverband (<a href=\"http:\/\/www.klagsverband.at\/dev\/wp-content\/uploads\/2012\/07\/klagsverband-shadow-report.pdf\">pdf \u2013 <\/a><a href=\"http:\/\/www.klagsverband.at\/dev\/wp-content\/uploads\/2012\/07\/klagsverband-shadow-report1.doc\">Word<\/a>) auch <a href=\"http:\/\/www.amnesty.at\/informiert_sein\/handlungsbedarf_oesterreich_muss_verpflichtungen_der_anti_rassismus_konvention_einhalten\/\">Amnesty International<\/a> und die <a href=\"http:\/\/www2.ohchr.org\/english\/bodies\/cerd\/docs\/ngos\/AustrianOmbudsmanBoard_Austria81.pdf\">Volksanwaltschaft<\/a> einen Schattenbericht abgegeben, die beide auch auf der <a href=\"http:\/\/www2.ohchr.org\/english\/bodies\/cerd\/cerds81.htm\">CERD-Website abrufbar<\/a> sind. Die <a href=\"http:\/\/www.klagsverband.at\/dev\/wp-content\/uploads\/2012\/07\/klagsverband-shadow-report.doc\">Stellungnahme des Klagsverband k\u00f6nnen Sie auch als Word-Dokument<\/a> herunterladen.<\/p>\n<p>Der Klagsverband sieht bei den folgenden Themen noch Handlungsbedarf:<\/p>\n<ul>\n<li>Die <strong>Vorbehalte zu CERD sollten aufgehoben<\/strong> werden.<\/li>\n<li>\u00d6sterreich sollte \u2013 gem\u00e4\u00df seiner Verpflichtungen im Rahmen der Antirassismus-Konferenz in Durban 2001 \u2013 einen eigenst\u00e4ndigen <strong>Nationalen Aktionsplan (NAP) gegen Rassismus<\/strong> erlassen. Dieser wurde nach ersten Anl\u00e4ufen in den NAP Integration  \u00fcbernommen, wo sich allerdings nur punktuelle und wenig konkrete  Erkl\u00e4rungen finden, wie die Republik gegen Rassismus vorgehen will.<\/li>\n<li>\u00d6sterreich sollte auch endlich ein <strong>Nationales Menschenrechtsinstitut<\/strong> einrichten, das die Anforderungen der <a href=\"http:\/\/www.monitoringausschuss.at\/cms\/monitoringausschuss\/attachments\/1\/9\/0\/CH0910\/CMS1269851328194\/pariser_prinzipien.pdf\">Pariser Prinzipien<\/a> erf\u00fcllt. Die Volksanwaltschaft erf\u00fcllt diese nur teilweise und hat deshalb nur B-Status.<\/li>\n<li>Die <strong>Regionalstellen der Gleichbehandlungsanwaltschaft<\/strong> sollten erm\u00e4chtigt werden auch bei Diskriminierung aufgrund der <strong>ethnischen Zugeh\u00f6rigkeit und Religion<\/strong> zu beraten. Derzeit sind sie auch Benachteiligungen aufgrund des Geschlechts in der Arbeitswelt beschr\u00e4nkt.<\/li>\n<li>Schlie\u00dflich sollte der <strong>Diskriminierungsschutz im Gleichbehandlungsgesetz harmonisiert<\/strong> werden. Die unterschiedlichen Schutzniveaus sind sachlich nicht begr\u00fcndbar.<\/li>\n<li>Im <strong>Bildungsbereich<\/strong> sollten nachhaltige <strong>Ma\u00dfnahmen zur Beseitigung der bestehenden Segregation<\/strong> unternommen werden. Das beginnt mit systematischer Datensammlung,  sollte die umfassende Verankerung von Kompetenzen im Umgang mit  sprachlicher und kultureller Diversit\u00e4t umfassen und eine gemeinsamen  Schule f\u00fcr alle sechs bis 15-J\u00e4hrigen beinhalten.<\/li>\n<li>Schlie\u00dflich sollten die <strong>strafrechtlichen Instrumente<\/strong> zur Bek\u00e4mpfung von Rassismus \u00fcberdacht und auf Vollzugs- oder Gesetzesebene nachjustiert werden. So wird <strong><a href=\"http:\/\/www.ris.bka.gv.at\/Dokument.wxe?Abfrage=Bundesnormen&amp;Dokumentnummer=NOR40132527&amp;ResultFunctionToken=58d785d8-b116-4c35-a8ae-648289f4bf9f&amp;Position=1&amp;Kundmachungsorgan=&amp;Index=&amp;Titel=stgb&amp;Gesetzesnummer=&amp;VonArtikel=&amp;BisArtikel=&amp;VonParagraf=283&amp;BisParagraf=&amp;VonAnlage=&amp;BisAnlage=&amp;Typ=&amp;Kundmachungsnummer=&amp;Unterzeichnungsdatum=&amp;FassungVom=30.07.2012&amp;NormabschnittnummerKombination=Und&amp;ImRisSeit=Undefined&amp;ResultPageSize=100&amp;Suchworte=\">\u00a7 33 Z. 5 des Strafgesetzbuches (StGB)<\/a>,<\/strong> der rassistische oder andere besonders verwerfliche Motive als  Erschwerungsgrund vorsieht, von Staatsanwaltschaften und Gerichten  selbst in F\u00e4llen, in denen die einschl\u00e4gige Motivation offensichtlich  ist, nicht angewendet. Der <a href=\"http:\/\/www.ris.bka.gv.at\/Dokument.wxe?Abfrage=Bundesnormen&amp;Dokumentnummer=NOR40134356&amp;ResultFunctionToken=67d2c49a-2305-413b-abe4-1db151704720&amp;Position=1&amp;Kundmachungsorgan=&amp;Index=&amp;Titel=stgb&amp;Gesetzesnummer=&amp;VonArtikel=&amp;BisArtikel=&amp;VonParagraf=33&amp;BisParagraf=&amp;VonAnlage=&amp;BisAnlage=&amp;Typ=&amp;Kundmachungsnummer=&amp;Unterzeichnungsdatum=&amp;FassungVom=30.07.2012&amp;NormabschnittnummerKombination=Und&amp;ImRisSeit=Undefined&amp;ResultPageSize=100&amp;Suchworte=\"><strong>Verhetzungs-Paragraph 283 StGB<\/strong><\/a>,  der erst j\u00fcngst novelliert wurde, um Verhetzung auch wegen Alter,  Behinderung, Geschlecht und sexueller Orientierung strafbar zu machen,  wurde so novelliert, dass die Anforderungen an die \u00d6ffentlichkeit, der  eine solche \u00c4u\u00dferung zug\u00e4nglich sein muss, stark erh\u00f6ht sind. Schon  bisher wurde \u00a7 283 StGB kaum angewendet \u2013 es ist zu bezweifeln, dass die  Neufassung effektiver wird.<\/li>\n<\/ul>\n<p>Quelle: <a href=\"http:\/\/www.klagsverband.at\/archives\/6735\" target=\"_blank\">http:\/\/www.klagsverband.at\/archives\/6735<\/a><\/div>\n","protected":false},"excerpt":{"rendered":"<p>Text: Klagsverband \u00b7 30. Juli 2012 http:\/\/www.klagsverband.at\/archives\/6735 Erf\u00fcllt \u00d6sterreich die Antirassismus-Konvention (CERD)? Der Klagsverband weist in seinem Schattenbericht auf langj\u00e4hrige Anregungen hin.<\/p>\n","protected":false},"author":3,"featured_media":0,"comment_status":"open","ping_status":"open","sticky":false,"template":"","format":"standard","meta":{"footnotes":""},"categories":[4],"tags":[],"class_list":["post-2261","post","type-post","status-publish","format-standard","hentry","category-antirassismus"],"_links":{"self":[{"href":"https:\/\/www.friedensplattform.at\/index.php?rest_route=\/wp\/v2\/posts\/2261","targetHints":{"allow":["GET"]}}],"collection":[{"href":"https:\/\/www.friedensplattform.at\/index.php?rest_route=\/wp\/v2\/posts"}],"about":[{"href":"https:\/\/www.friedensplattform.at\/index.php?rest_route=\/wp\/v2\/types\/post"}],"author":[{"embeddable":true,"href":"https:\/\/www.friedensplattform.at\/index.php?rest_route=\/wp\/v2\/users\/3"}],"replies":[{"embeddable":true,"href":"https:\/\/www.friedensplattform.at\/index.php?rest_route=%2Fwp%2Fv2%2Fcomments&post=2261"}],"version-history":[{"count":0,"href":"https:\/\/www.friedensplattform.at\/index.php?rest_route=\/wp\/v2\/posts\/2261\/revisions"}],"wp:attachment":[{"href":"https:\/\/www.friedensplattform.at\/index.php?rest_route=%2Fwp%2Fv2%2Fmedia&parent=2261"}],"wp:term":[{"taxonomy":"category","embeddable":true,"href":"https:\/\/www.friedensplattform.at\/index.php?rest_route=%2Fwp%2Fv2%2Fcategories&post=2261"},{"taxonomy":"post_tag","embeddable":true,"href":"https:\/\/www.friedensplattform.at\/index.php?rest_route=%2Fwp%2Fv2%2Ftags&post=2261"}],"curies":[{"name":"wp","href":"https:\/\/api.w.org\/{rel}","templated":true}]}}