{"id":2286,"date":"2012-08-30T15:32:43","date_gmt":"2012-08-30T13:32:43","guid":{"rendered":"http:\/\/www.luxorbis.org\/friedensplattform.at\/?p=2286"},"modified":"2012-08-30T15:32:43","modified_gmt":"2012-08-30T13:32:43","slug":"iran-krieg-usa-fuehlen-sich-von-israel-betrogen","status":"publish","type":"post","link":"https:\/\/www.friedensplattform.at\/?p=2286","title":{"rendered":"Iran-Krieg: USA f&#252;hlen sich von Israel betrogen"},"content":{"rendered":"<div>\n<address>Die US-Regierung f\u00fchlt sich von  Israel in die Irre gef\u00fchrt: Laut einem  Diplomaten hat Washington einen  israelischen Milit\u00e4reinsatz gegen den  Iran bereits im Fr\u00fchjahr erwartet,  die Attacke ist aber ausgeblieben.  Teheran beschwert sich \u00fcber den  j\u00fcdischen Staat bei der UNO.<!--more--><\/address>\n<\/div>\n<table style=\"margin-top:5px;\" border=\"0\" width=\"100%\">\n<tbody>\n<tr>\n<td valign=\"top\"><\/td>\n<td align=\"right\" valign=\"top\">\n<div style=\"white-space:nowrap;\">23.08.2012, 14:22<\/div>\n<\/td>\n<\/tr>\n<\/tbody>\n<\/table>\n<p><img loading=\"lazy\" decoding=\"async\" title=\"Iran-Krieg: USA f\u00fchlen sich von Israel betrogen\" src=\"http:\/\/m.ruvr.ru\/data\/2012\/08\/23\/1284087732\/4highres_00000402238916.jpg\" border=\"0\" alt=\"\u041e\u0431\u0430\u043c\u0430 \u041d\u0435\u0442\u0430\u043d\u044c\u044f\u0445\u0443 \u041e\u0431\u0430\u043c\u0430 \u0421\u0448\u0430 \u0418\u0437\u0440\u0430\u0438\u043b\u044c \u0421\u0428\u0410\" width=\"460\" height=\"268\" \/><\/p>\n<table border=\"0\" cellspacing=\"0\" cellpadding=\"0\" width=\"100%\">\n<tbody>\n<tr>\n<td valign=\"bottom\"><\/td>\n<td align=\"right\" valign=\"bottom\">\n<table border=\"0\" cellspacing=\"0\" cellpadding=\"2\">\n<tbody>\n<tr>\n<td><a href=\"http:\/\/german.ruvr.ru\/photoalbum\/85957990\/index.html\" target=\"_blank\"><img loading=\"lazy\" decoding=\"async\" src=\"http:\/\/german.ruvr.ru\/images\/photo_mini.gif\" border=\"0\" alt=\"\" width=\"16\" height=\"16\" \/><\/a><\/td>\n<td><a title=\"Artikel drucken\" href=\"http:\/\/german.ruvr.ru\/_print\/85957990.html\" target=\"_blank\"><img loading=\"lazy\" decoding=\"async\" src=\"http:\/\/german.ruvr.ru\/images\/printer_mini.gif\" border=\"0\" alt=\"Artikel drucken\" width=\"16\" height=\"16\" \/><\/a><\/td>\n<td><a title=\"Diesen Artikel versenden\" href=\"mailto:?subject=Iran-Krieg%3A%20USA%20f%3Fhlen%20sich%20von%20Israel%20betrogen&amp;body=%3Ca%20href%3D%22http%3A%2F%2Fgerman.ruvr.ru%2F2012_08_23%2F85957990%2F%22%3EIran-Krieg%3A%20USA%20f%3Fhlen%20sich%20von%20Israel%20betrogen%3C%2Fa%3E\" target=\"_blank\"><img loading=\"lazy\" decoding=\"async\" src=\"http:\/\/german.ruvr.ru\/images\/mail_mini.gif\" border=\"0\" alt=\"Diesen Artikel versenden\" width=\"16\" height=\"16\" \/><\/a><\/td>\n<td><a title=\"Zum Blog hinzuf\u00fcgen\" href=\"http:\/\/german.ruvr.ru\/2012_08_23\/85957990\/#\" target=\"_blank\"><img loading=\"lazy\" decoding=\"async\" src=\"http:\/\/german.ruvr.ru\/images\/add_to_blog_mini.gif\" border=\"0\" alt=\"Zum Blog hinzuf\u00fcgen\" width=\"16\" height=\"16\" \/><\/a><\/td>\n<\/tr>\n<\/tbody>\n<\/table>\n<\/td>\n<\/tr>\n<\/tbody>\n<\/table>\n<div>\n<p><span style=\"font-weight: bold;\">Irref\u00fchrende Tricks?<\/span><\/p>\n<p>Der  ehemalige US-Botschafter in Israel, Martin Indyk, sagte am Donnerstag,  die US-Regierung sei \u201e\u00fcberzeugt\u201c gewesen, dass der j\u00fcdische Staat die  iranischen Atomanlagen bereits im Fr\u00fchjahr des laufenden Jahres  bombardieren wolle. Als der Luftangriff ausgeblieben sei, habe sich  Washington durch \u201eTricks\u201c der israelischen Staats- und Milit\u00e4rf\u00fchrung  betrogen gef\u00fchlt.<\/p>\n<p>Die \u201eJerusalem Post\u201c zitierte den  Ex-Botschafter weiter mit den Worten, man habe den Eindruck, dass der  israelische Premier Netanjahu und Verteidigungsminister Barak mit ihren  Erkl\u00e4rungen die USA \u201ewieder irregef\u00fchrt\u201c h\u00e4tten.<\/p>\n<p>Am  Sonntag hatte sich US-Generalstabschef Martin Dempsey zu den Differenzen  zwischen den beiden Verb\u00fcndeten ge\u00e4u\u00dfert: \u201eNehmen Sie zwei L\u00e4nder und  geben Sie ihnen die gleichen Geheimdienste \u2013 und Sie werden zwei  unterschiedliche Berichte bekommen. Ich denke, so etwas ist auch hier  passiert\u201c.<\/p>\n<p>Mitte August hatte die Tageszeitung  \u201eYediot Aharonot\u201c berichtet, Benjamin Netanjahu und Ehud Barak seien nun  dabei, einen Milit\u00e4reinsatz f\u00fcr den Herbst zu planen. Die Idee,  Luftangriffe sofort zu starten, sei bei Geheimdienstchefs und  rangh\u00f6chsten Armeekommandeuren auf Widerstand gesto\u00dfen. Etwas sp\u00e4ter <a href=\"http:\/\/german.ruvr.ru\/2012_08_17\/85416030\/\" target=\"_blank\">verlautete aus israelischen Regierungskreisen<\/a>,  Netanjahu halte eine Attacke f\u00fcr gerechtfertigt, selbst wenn sie das  iranische Atomprogramm nicht ruiniere, sondern nur bremse.<\/p>\n<p><span style=\"font-weight: bold;\">Iran schreibt an die UN<\/span><\/p>\n<p>Der  Iran erkl\u00e4rte unterdessen, Israels Rhetorik versto\u00dfe gegen die  Grunds\u00e4tze der UN-Charta und des V\u00f6lkerrechts. Der iranische  Vize-Botschafter bei den Vereinten Nationen, Es\u2019haq Ale-Habib, richtete  ein entsprechendes Schreiben an den UN-Sicherheitsrat.<\/p>\n<p>\u201eDie  Staatsbeamten des zionistischen Regimes haben gedroht, Gewalt gegen die  Islamische Republik anzuwenden,\u201c zitierte der iranische Sender Press TV  am Donnerstag. Die israelischen Angriffspl\u00e4ne gegen die iranischen  Atomanlagen seien nicht zu rechtfertigen und Argumente haltlos.<\/p>\n<p>Teheran  verurteile \u201eprovokative und verantwortungslose\u201c \u00c4u\u00dferungen von Israels  Regierungschef und Verteidigungsminister. Es sei \u201esch\u00e4ndlich\u201c, dass der  UN-Sicherheitsrat auf diese Drohungen gegen das iranische Atomprogramms  nicht reagiere.<\/p>\n<p>Teheran habe keine Absicht, andere  L\u00e4nder anzugreifen. Falls der Iran aber selbst angegriffen werde, werde  er nicht z\u00f6gern. Die Islamische Republik sei bereit, die \u201eentsprechenden  Verteidigungsma\u00dfnahmen zu treffen\u201c, hie\u00df es.<\/p>\n<p>Der  iranische Verteidigungsminister Ahmad Vahidi hatte am Mittwoch gesagt,  die Regierung in Teheran sei fest entschlossen, das Land im Fall einer  ausl\u00e4ndischen Invasion zu verteidigen. Mohsen Rezaei, Chef des  einflussreichen iranischen Schlichtungsrates, sagte: \u201eFalls die  Zionisten die unkluge Entscheidung treffen, den Iran anzugriefen, werden  die iranischen Streitkr\u00e4fte einen verheerenden Gegenschlag erteilen.\u201c<\/p>\n<p><strong>90 Sekunden, um sich zu verstecken<\/strong><\/p>\n<p>Einen  Artikel zum eventuellen Iran-Krieg ver\u00f6ffentlichte am Donnerstag auch  die chinesische Parteizeitung \u201eRenmin Ribao\u201c. Sie schrieb, der Iran  werde auf einen israelischen Luftangriff m\u00f6glicherweise mit einem  Raketenschlag reagieren. Israelische Gro\u00dfst\u00e4dte wie Tel Aviv und Haifa  l\u00e4gen innerhalb der Reichweite iranischer Raketen.<\/p>\n<p>In  diesem Zusammenhang gebe es in Israel in letzter Zeit intensive  Zivilschutz-\u00dcbungen. In Tel Aviv w\u00fcrden derzeit 60 unterirdische  Parkpl\u00e4tze in Bunker umger\u00fcstet, um bei Bedarf Hundertausende Menschen  aufzunehmen. In Haifa sei ein sechs Kilometer langer Autotunnel in einen  Gro\u00dfbunker umger\u00fcstet worden.<\/p>\n<p>Die Zeitung schrieb  weiter: \u201eEin ranghoher israelischer Offizier sagte einem  Xinhua-Reporter, in der Stadtumgebung von Tel Aviv sei ein  Fr\u00fchwarnsystem gegen Raketenangriffe zustande gekommen. Dadurch bekommen  die Stadtbewohner bei einem Angriff 90 Sekunden Zeit, um einen Bunker  zu finden und sich dort zu verstecken\u201c.<\/p>\n<p>Aus: <a href=\"http:\/\/\">http:\/\/german.ruvr.ru\/2012_08_23\/85957990\/<\/a><\/div>\n","protected":false},"excerpt":{"rendered":"<p>Die US-Regierung f\u00fchlt sich von Israel in die Irre gef\u00fchrt: Laut einem Diplomaten hat Washington einen israelischen Milit\u00e4reinsatz gegen den Iran bereits im Fr\u00fchjahr erwartet, die Attacke ist aber ausgeblieben. Teheran beschwert sich \u00fcber den j\u00fcdischen Staat bei der UNO.<\/p>\n","protected":false},"author":3,"featured_media":0,"comment_status":"open","ping_status":"open","sticky":false,"template":"","format":"standard","meta":{"footnotes":""},"categories":[1],"tags":[],"class_list":["post-2286","post","type-post","status-publish","format-standard","hentry","category-allgemein"],"_links":{"self":[{"href":"https:\/\/www.friedensplattform.at\/index.php?rest_route=\/wp\/v2\/posts\/2286","targetHints":{"allow":["GET"]}}],"collection":[{"href":"https:\/\/www.friedensplattform.at\/index.php?rest_route=\/wp\/v2\/posts"}],"about":[{"href":"https:\/\/www.friedensplattform.at\/index.php?rest_route=\/wp\/v2\/types\/post"}],"author":[{"embeddable":true,"href":"https:\/\/www.friedensplattform.at\/index.php?rest_route=\/wp\/v2\/users\/3"}],"replies":[{"embeddable":true,"href":"https:\/\/www.friedensplattform.at\/index.php?rest_route=%2Fwp%2Fv2%2Fcomments&post=2286"}],"version-history":[{"count":0,"href":"https:\/\/www.friedensplattform.at\/index.php?rest_route=\/wp\/v2\/posts\/2286\/revisions"}],"wp:attachment":[{"href":"https:\/\/www.friedensplattform.at\/index.php?rest_route=%2Fwp%2Fv2%2Fmedia&parent=2286"}],"wp:term":[{"taxonomy":"category","embeddable":true,"href":"https:\/\/www.friedensplattform.at\/index.php?rest_route=%2Fwp%2Fv2%2Fcategories&post=2286"},{"taxonomy":"post_tag","embeddable":true,"href":"https:\/\/www.friedensplattform.at\/index.php?rest_route=%2Fwp%2Fv2%2Ftags&post=2286"}],"curies":[{"name":"wp","href":"https:\/\/api.w.org\/{rel}","templated":true}]}}