{"id":229,"date":"2007-11-03T16:53:52","date_gmt":"2007-11-03T14:53:52","guid":{"rendered":"http:\/\/www.luxorbis.org\/friedensplattform.at\/?p=229"},"modified":"2007-11-03T16:53:52","modified_gmt":"2007-11-03T14:53:52","slug":"bericht-uber-die-solidaritatsreise-nach-palastina","status":"publish","type":"post","link":"https:\/\/www.friedensplattform.at\/?p=229","title":{"rendered":"Bericht &#252;ber die Solidarit&#228;tsreise nach Pal&#228;stina"},"content":{"rendered":"<p>Vortrag und Bericht \u00fcber die Solidarit\u00e4tsreise nach Pal\u00e4stina im August 07. (Besatzung, Mauer, pal\u00e4stinensische NGOs, Beginn einer St\u00e4dtepartnerschaft&#8230;) Es berichten Mitglieder des Solidarit\u00e4tskomitees f\u00fcr Pal\u00e4stina und der Steirischen Friedensplattform.<br \/>\n<span style=\"font-weight: bold\">Zeit: am 7. November um 18 Uhr<\/span><br style=\"font-weight: bold\" \/><span style=\"font-weight: bold\">Ort: in der Gr\u00fcnen Akademie, Paulustorgasse 3\/1<\/span><\/p>\n<p><!--more--><\/p>\n<p><strong>***UNTERWEGS IM WESTJORDANLAND ***<\/strong><br \/>\n<font color=\"#000000\">Mauer &#8211; Z\u00e4une &#8211; Menschen&#8230;und eine Staedtefreundschaft am Horizont<\/font><br \/>\n<strong>Mi 7. November &#8211; 18 Uhr<br \/>\n<\/strong>Gr\u00fcne Akademie, Paulustorgasse 3\/1<br \/>\nReisebericht &#8211; Buffet &#8211; Diskussion<br \/>\n<em>Reisebericht der 1. Grazer Delegation (August 2008) zum Aufbau der St\u00e4dtefreundschaft<br \/>\nmit der palaestinensischen Stadt Zababdeh<\/em><br \/>\nSigi Binder und das Solidarit\u00e4tskomitee f\u00fcr Pal\u00e4stina<br \/>\nladen ein zu einem\u00a0politischem Reisebericht<br \/>\nmit vielen Fotos und pers\u00f6nlichen Eindr\u00fccken<br \/>\n\u00fcber die <strong>Lebensbedingungen der Pal\u00e4stinenserInnen<\/strong> in der Westbank <strong>entlang der Apartheidmauer<\/strong> und die ersten Schritte zum <strong>Aufbau der St\u00e4dtefreundschaft zwischen Graz und Zababdeh.<br \/>\n<\/strong><\/p>\n<p>Unsere Delegation hat im Sommer 2008 alle Regionen Pal\u00e4stinas bereist, um die<\/p>\n<p>Lebensbedingungen unter Besatzung aus erster Hand kennenzulernen. Wir begegneten den Opfern der Siedlergewalt in Hebron, den Menschen in Walaja, deren Dorf seit Anfang September durch den Bau der Apartheidmauer verw\u00fcstet wird, haben auf den Ruinen der durch israelische Bulldozer zerst\u00f6rten Wohnh\u00e4user mit den Menschen gesprochen, die darin lebten, haben die israelischen Siedlungen gesehen, f\u00fcr die mehr und mehr pal\u00e4stinensisches Land enteignet wird und die Mauer, die Pal\u00e4stinenserInnen von Pal\u00e4stinenserInnen trennt&#8230;.<br \/>\nWir haben aber auch den \u00dcberlebenswillen der Menschen kennen und bewundern gelernt, ihre\u00a0 grenzenlose Offenheit und Gastfreundschaft und ihre F\u00e4higkeit, trotz der tagt\u00e4glichen<\/p>\n<p>Unterdr\u00fcckung, die sie durch das Besatzungsregime erfahren, ihre Menschlichkeit nicht zu<\/p>\n<p>verlieren.<br \/>\nVier Tage lang waren wir in unserer Partnerstadt Zababdeh zu Gast und haben die Grundsteine f\u00fcr den Aufbau unserer St\u00e4dtefreundschaft gelegt. LehrerInnen, Sch\u00fclerInnen,<\/p>\n<p>Krankenschwestern, Gemeinder\u00e4tInnen und viele andere engagierte Menschen in Zababdeh m\u00f6chten auf diese Weise mit friedensbewegten KollegInnen in Kontakt treten, sich austauschen und eine aktive Freundschaft und Zusammenarbeit aufbauen.<\/p>\n<p>F\u00fcr Sommer 2008 ist eine weitere Delegationsreise von Graz nach Zababdeh geplant.<\/p>\n<p><strong><em>Wir freuen uns darauf, unsere Reiseerfahrungen mit Euch\/mit Ihnen in einer angeregten <\/em><\/strong><strong><em>Diskussion mit anschlie\u00dfendem Buffet teilen zu k\u00f6nnen.<\/em><\/strong><br \/>\n<strong><em>Sigi Binder &amp; das Solidarit\u00e4tskomitee f\u00fcr Pal\u00e4stina<\/em><\/strong><br \/>\n***Mi 7. November &#8211; 18 Uhr &#8211; Gr\u00fcne Akademie, Paulustorgasse 3\/1***<\/p>\n","protected":false},"excerpt":{"rendered":"<p>Vortrag und Bericht \u00fcber die Solidarit\u00e4tsreise nach Pal\u00e4stina im August 07. (Besatzung, Mauer, pal\u00e4stinensische NGOs, Beginn einer St\u00e4dtepartnerschaft&#8230;) Es berichten Mitglieder des Solidarit\u00e4tskomitees f\u00fcr Pal\u00e4stina und der Steirischen Friedensplattform. Zeit: am 7. November um 18 UhrOrt: in der Gr\u00fcnen Akademie, Paulustorgasse 3\/1<\/p>\n","protected":false},"author":1,"featured_media":0,"comment_status":"open","ping_status":"open","sticky":false,"template":"","format":"standard","meta":{"footnotes":""},"categories":[5,19],"tags":[],"class_list":["post-229","post","type-post","status-publish","format-standard","hentry","category-arabischer-raum","category-termine"],"_links":{"self":[{"href":"https:\/\/www.friedensplattform.at\/index.php?rest_route=\/wp\/v2\/posts\/229","targetHints":{"allow":["GET"]}}],"collection":[{"href":"https:\/\/www.friedensplattform.at\/index.php?rest_route=\/wp\/v2\/posts"}],"about":[{"href":"https:\/\/www.friedensplattform.at\/index.php?rest_route=\/wp\/v2\/types\/post"}],"author":[{"embeddable":true,"href":"https:\/\/www.friedensplattform.at\/index.php?rest_route=\/wp\/v2\/users\/1"}],"replies":[{"embeddable":true,"href":"https:\/\/www.friedensplattform.at\/index.php?rest_route=%2Fwp%2Fv2%2Fcomments&post=229"}],"version-history":[{"count":0,"href":"https:\/\/www.friedensplattform.at\/index.php?rest_route=\/wp\/v2\/posts\/229\/revisions"}],"wp:attachment":[{"href":"https:\/\/www.friedensplattform.at\/index.php?rest_route=%2Fwp%2Fv2%2Fmedia&parent=229"}],"wp:term":[{"taxonomy":"category","embeddable":true,"href":"https:\/\/www.friedensplattform.at\/index.php?rest_route=%2Fwp%2Fv2%2Fcategories&post=229"},{"taxonomy":"post_tag","embeddable":true,"href":"https:\/\/www.friedensplattform.at\/index.php?rest_route=%2Fwp%2Fv2%2Ftags&post=229"}],"curies":[{"name":"wp","href":"https:\/\/api.w.org\/{rel}","templated":true}]}}