{"id":2303,"date":"2012-09-02T17:11:08","date_gmt":"2012-09-02T15:11:08","guid":{"rendered":"http:\/\/www.luxorbis.org\/friedensplattform.at\/?p=2303"},"modified":"2012-09-02T17:11:08","modified_gmt":"2012-09-02T15:11:08","slug":"iranische-zurueckhaltung","status":"publish","type":"post","link":"https:\/\/www.friedensplattform.at\/?p=2303","title":{"rendered":"Iranische Zur&#252;ckhaltung"},"content":{"rendered":"<div><a id=\"JL_content\" name=\"JL_content\"><\/a>Westliche Medien ignorieren die Tatsachen bei ihren Atomvorw\u00fcrfen gegen Teheran\u00a0 <!--more--><em>Von Knut Mellenthin<\/em><\/div>\n<div id=\"ID_Date\"><\/div>\n<div>Iran reichert sehr viel weniger Uran an, als es von seinen technischen  Voraussetzungen her k\u00f6nnte. Diese von den westlichen Mainstream-Medien  ignorierte Tatsache wird durch den j\u00fcngsten Bericht der Internationalen  Atomenergie-Beh\u00f6rde (IAEA) best\u00e4tigt, der seit Donnerstag abend im  Internet zu finden ist. Der Report ist eigentlich bis zu seiner  Behandlung auf der n\u00e4chsten Vorstandssitzung der IAEA, die am 10.  September beginnt, vertraulich. Schon seit Jahren ist jedoch \u00fcblich  geworden, da\u00df die Iran betreffenden Berichte sofort nach ihrer  Fertigstellung der Presse zugespielt werden.<\/p>\n<p>In ihrer Berichterstattung \u00fcber den neuen Iran-Report stellen Agenturen  und Mainstream-Medien in den Vordergrund, da\u00df Iran im vergangenen  Vierteljahr seine \u00bbKapazit\u00e4ten\u00ab in der unterhalb eines Bergmassivs  liegenden, stark verbunkerten Anreicherungsanlage bei Fordow verdoppelt  habe. Das steht zwar nicht ausdr\u00fccklich im Bericht, l\u00e4\u00dft sich jedoch  durch einen Vergleich mit dem vorausgegangenen, Ende Mai bekannt  gewordenen Report errechnen.<\/p>\n<p>\u00dcberraschend ist daran jedoch nichts, denn die Iraner haben der  Atombeh\u00f6rde schon vor mehr als zwei Jahren mitgeteilt, da\u00df sie in Fordow  insgesamt 16 sogenannte Kaskaden, Ketten von Gaszentrifugen, betreiben  wollen. Das erg\u00e4be eine Summe von rund 3000 Zentrifugen. Derzeit sind,  wie aus dem nun im Internet verbreiteten aktuellen Bericht hervorgeht,  zw\u00f6lf Kaskaden \u2013 statt siebeneinhalb vor einem Vierteljahr \u2013  installiert. Gleichzeitig meldet die IAEA aber, da\u00df nur ein Drittel  davon, vier Kaskaden, in Betrieb genommen worden sind.<\/p>\n<p>Der neue Bericht verzeichnet ferner, wie alle fr\u00fcheren, da\u00df Iran die  Anreicherung sowohl in Fordow wie auch in Natanz ausschlie\u00dflich mit dem  technisch \u00fcberholten, wenig effektiven und stark st\u00f6ranf\u00e4lligen  Zentrifugentyp betreibt, den die Beh\u00f6rde als IR-1 bezeichnet. Zwei  modernere Typen laufen lediglich in einer Versuchsanlage, produzieren  aber nicht. Drei weitere Typen, von denen die IAEA Kenntnis hat, sind  noch nicht einmal installiert worden.<\/p>\n<p>Das gleichbleibende Bild deutet darauf hin, da\u00df Iran weit unter seiner  M\u00f6glichkeiten arbeitet, um die Konfrontation mit dem Westen nicht noch  weiter zuzuspitzen. Zugleich enth\u00e4lt der Ausbau der iranischen  Kapazit\u00e4ten aber auch eine deutliche Warnung an den Westen, milit\u00e4rische  Provokationen zu unterlassen.<\/p><\/div>\n<div><a href=\"http:\/\/\">http:\/\/www.jungewelt.de\/2012\/09-01\/055.php<\/a><\/div>\n<div><\/div>\n","protected":false},"excerpt":{"rendered":"<p>Westliche Medien ignorieren die Tatsachen bei ihren Atomvorw\u00fcrfen gegen Teheran\u00a0<\/p>\n","protected":false},"author":3,"featured_media":0,"comment_status":"open","ping_status":"open","sticky":false,"template":"","format":"standard","meta":{"footnotes":""},"categories":[1,13],"tags":[],"class_list":["post-2303","post","type-post","status-publish","format-standard","hentry","category-allgemein","category-iran"],"_links":{"self":[{"href":"https:\/\/www.friedensplattform.at\/index.php?rest_route=\/wp\/v2\/posts\/2303","targetHints":{"allow":["GET"]}}],"collection":[{"href":"https:\/\/www.friedensplattform.at\/index.php?rest_route=\/wp\/v2\/posts"}],"about":[{"href":"https:\/\/www.friedensplattform.at\/index.php?rest_route=\/wp\/v2\/types\/post"}],"author":[{"embeddable":true,"href":"https:\/\/www.friedensplattform.at\/index.php?rest_route=\/wp\/v2\/users\/3"}],"replies":[{"embeddable":true,"href":"https:\/\/www.friedensplattform.at\/index.php?rest_route=%2Fwp%2Fv2%2Fcomments&post=2303"}],"version-history":[{"count":0,"href":"https:\/\/www.friedensplattform.at\/index.php?rest_route=\/wp\/v2\/posts\/2303\/revisions"}],"wp:attachment":[{"href":"https:\/\/www.friedensplattform.at\/index.php?rest_route=%2Fwp%2Fv2%2Fmedia&parent=2303"}],"wp:term":[{"taxonomy":"category","embeddable":true,"href":"https:\/\/www.friedensplattform.at\/index.php?rest_route=%2Fwp%2Fv2%2Fcategories&post=2303"},{"taxonomy":"post_tag","embeddable":true,"href":"https:\/\/www.friedensplattform.at\/index.php?rest_route=%2Fwp%2Fv2%2Ftags&post=2303"}],"curies":[{"name":"wp","href":"https:\/\/api.w.org\/{rel}","templated":true}]}}