{"id":232,"date":"2007-10-02T21:09:33","date_gmt":"2007-10-02T19:09:33","guid":{"rendered":"http:\/\/www.luxorbis.org\/friedensplattform.at\/?p=232"},"modified":"2007-10-02T21:09:33","modified_gmt":"2007-10-02T19:09:33","slug":"hinweis-auf-eine-veranstaltung-in-wien","status":"publish","type":"post","link":"https:\/\/www.friedensplattform.at\/?p=232","title":{"rendered":"Hinweis auf eine Veranstaltung in Wien"},"content":{"rendered":"<p>Wir leiten gerne weiter:<\/p>\n<p>Sehr geehrte Damen und Herren,<\/p>\n<p>im Namen des \u00d6sterreichischen Instituts f\u00fcr Internationale Politik &#8211; OIIP lade ich Sie zu nachstehender Veranstaltung herzlich ein:<br \/>\n<strong>&#8222;Blau\u00e4ugig und erfolgreich?<\/strong><br \/>\nDie Friedensbewegungen der 80er Jahre<\/p>\n<p>und das Ende des Kalten Krieges&#8220;<\/p>\n<p><!--more--><\/p>\n<p>Georgi ARBATOV, 1967 bis Mitte der 90-er-Jahre Leiter des Institutes f\u00fcr Amerika- und Kanadastudien der sowjetischen Akademie der Wissenschaften; au\u00dfenpolitischer Berater aller Generalsekret\u00e4re von Breschnew bis Jelzin, insbesondere von Michail Gorbatschow.<\/p>\n<p><strong>Donnerstag, 11. Oktober 2007<br \/>\n19.00 Uhr<br \/>\nAlbert Schweitzer Haus<br \/>\nSchwarzspanierstra\u00dfe 13, 1090 Wien<\/strong><\/p>\n<p>Programm: <a href=\"http:\/\/www.oiip.at\/magazin\/00\/artikel\/6483\/doc\/d\/Einladung_Arbatov.pdf\" title=\"Programm\" target=\"_blank\">http:\/\/www.oiip.at\/magazin\/00\/artikel\/6483\/doc\/d\/Einladung_Arbatov.pdf<\/a><\/p>\n<p>Die Veranstaltung erfolgt in englischer Sprache mit deutscher Simultan\u00fcbersetzung.<br \/>\nEintritt: \u20ac 5,-<\/p>\n<p>In Kooperation mit der Evangelischen Akademie Wien, dem Internationalen Vers\u00f6hnungsbund, der Gesellschaft der Freunde (Qu\u00e4ker), dem \u00d6sterreichischen  Studienzentrum f\u00fcr Frieden und Konfliktl\u00f6sung, dem Bundeskanzleramt, der Gr\u00fcnen Bildungswerkstatt, der Kulturabteilung der Stadt Wien MA7, der politischen Akademie der \u00d6VP sowie dem Institut f\u00fcr Umwelt, Friede und Entwicklung.<\/p>\n<p>Anmeldung und Information: T: 01\/581 11 06, email: info@oiip.at<\/p>\n<p>Mit freundlichen Gr\u00fc\u00dfen<\/p>\n<p>Mag. Katrin Alas<br \/>\nOIIP &#8211; \u00d6sterreichisches Institut f\u00fcr Internationale Politik<br \/>\nOperngasse 20 B<br \/>\nA-1040 Wien<br \/>\nTel. +43(0)1\/581 11 06*12<br \/>\nFax. +43(0)1\/581 11 06*10<br \/>\nEmail: alas@oiip.at<br \/>\n&#8212;&#8212;&#8212;&#8212;&#8212;&#8212;<\/p>\n<p>Website: http:\/\/www.oiip.at<\/p>\n","protected":false},"excerpt":{"rendered":"<p>Wir leiten gerne weiter: Sehr geehrte Damen und Herren, im Namen des \u00d6sterreichischen Instituts f\u00fcr Internationale Politik &#8211; OIIP lade ich Sie zu nachstehender Veranstaltung herzlich ein: &#8222;Blau\u00e4ugig und erfolgreich? Die Friedensbewegungen der 80er Jahre und das Ende des Kalten Krieges&#8220;<\/p>\n","protected":false},"author":1,"featured_media":0,"comment_status":"open","ping_status":"open","sticky":false,"template":"","format":"standard","meta":{"footnotes":""},"categories":[1,19],"tags":[],"class_list":["post-232","post","type-post","status-publish","format-standard","hentry","category-allgemein","category-termine"],"_links":{"self":[{"href":"https:\/\/www.friedensplattform.at\/index.php?rest_route=\/wp\/v2\/posts\/232","targetHints":{"allow":["GET"]}}],"collection":[{"href":"https:\/\/www.friedensplattform.at\/index.php?rest_route=\/wp\/v2\/posts"}],"about":[{"href":"https:\/\/www.friedensplattform.at\/index.php?rest_route=\/wp\/v2\/types\/post"}],"author":[{"embeddable":true,"href":"https:\/\/www.friedensplattform.at\/index.php?rest_route=\/wp\/v2\/users\/1"}],"replies":[{"embeddable":true,"href":"https:\/\/www.friedensplattform.at\/index.php?rest_route=%2Fwp%2Fv2%2Fcomments&post=232"}],"version-history":[{"count":0,"href":"https:\/\/www.friedensplattform.at\/index.php?rest_route=\/wp\/v2\/posts\/232\/revisions"}],"wp:attachment":[{"href":"https:\/\/www.friedensplattform.at\/index.php?rest_route=%2Fwp%2Fv2%2Fmedia&parent=232"}],"wp:term":[{"taxonomy":"category","embeddable":true,"href":"https:\/\/www.friedensplattform.at\/index.php?rest_route=%2Fwp%2Fv2%2Fcategories&post=232"},{"taxonomy":"post_tag","embeddable":true,"href":"https:\/\/www.friedensplattform.at\/index.php?rest_route=%2Fwp%2Fv2%2Ftags&post=232"}],"curies":[{"name":"wp","href":"https:\/\/api.w.org\/{rel}","templated":true}]}}