{"id":2328,"date":"2012-10-14T12:00:10","date_gmt":"2012-10-14T10:00:10","guid":{"rendered":"http:\/\/www.luxorbis.org\/friedensplattform.at\/?p=2328"},"modified":"2012-10-14T12:00:10","modified_gmt":"2012-10-14T10:00:10","slug":"maja-haderlap-engel-des-vergessens-angel-pozabe","status":"publish","type":"post","link":"https:\/\/www.friedensplattform.at\/?p=2328","title":{"rendered":"Maja Haderlap  \u201eEngel des Vergessens\u201c \/ \u201eAngel pozabe\u201c"},"content":{"rendered":"<p><strong> <\/strong><\/p>\n<p><strong> <\/strong><\/p>\n<p><strong> <\/strong><\/p>\n<p><strong> <\/strong><\/p>\n<p><strong>Am 16.10.2012 um\u00a0 18.30 Uhr <\/strong> l\u00e4dt der <strong>Artikel-VII-Kulturverein f\u00fcr Steiermark<\/strong> in Kooperation mit der <strong>Steirischen Friedensplattform<\/strong> zur Buchpr\u00e4sentation\/ predstavitev knjige von Maja Haderlaps Buch \u201eEngel des Vergessens\u201c \/ \u201eAngel pozabe\u201c\u00a0 <strong>ins <a href=\"http:\/\/www.pavelhaus.at\">PAVELHAUS<\/a> nach BAD RADKERSBURG<\/strong> ein. <!--more--><\/p>\n<p><strong>\u201eEngel des Vergessens\u201c \/ \u201eAngel pozabe\u201c<\/strong><\/p>\n<p>\u201eMaja  Haderlap hat eine gewaltige Geschichte geschrieben\u2026 Die  Gro\u00dfmutter wie  noch keine, der arme bittere Vater wie noch keiner, die  Toten wie noch  nie, ein Kind wie noch keines.\u201c (Peter Handke)<\/p>\n<p>Moderation\/moderacija: Rezka Kanzian<\/p>\n<p>BEGINN: 18:30 Uhr; der Eintritt ist frei!<\/p>\n<p><a href=\"http:\/\/www.austria-lexikon.at\/af\/Wissenssammlungen\/Biographien\/Haderlap,_Maja\">Biographie von Maja Haderlap<\/a><\/p>\n<p><a href=\"http:\/\/www.literaturhaus.at\/index.php?id=9108&amp;L=0%2Fadmin%2Ffile_manager.php%2Flogin.php\">Rezension<\/a><\/p>\n<p>Eine Veranstaltung des Artikel-VII-Kulturverein f\u00fcr Steiermark \u2013\u00a0 Pavelhaus<em> Kulturno dru<\/em><em>\u0161tvo \u010dlen 7 za avstrijsko \u0160tajersko \u2013 Pavlova hi\u0161a<\/em> Laafeld\/Potrna 30, A-8490 Bad Radkersburg<a href=\"http:\/\/www.pavelhaus.at\/\"><\/a><\/p>\n<p>in Zusammenarbeit mit \/ v sodelovanju z:<\/p>\n<p><a href=\"http:\/\/politischebildung.at\/\" target=\"_blank\">\u00d6sterreichischer Gesellschaft f\u00fcr politische Bildung<\/a>, <a href=\"http:\/\/www.wallstein-verlag.de\/start.html\" target=\"_blank\">Wallstein Verlag<\/a>, LITERA und steirischer Friedensplattform<\/p>\n","protected":false},"excerpt":{"rendered":"<p>Am 16.10.2012 um\u00a0 18.30 Uhr l\u00e4dt der Artikel-VII-Kulturverein f\u00fcr Steiermark in Kooperation mit der Steirischen Friedensplattform zur Buchpr\u00e4sentation\/ predstavitev knjige von Maja Haderlaps Buch \u201eEngel des Vergessens\u201c \/ \u201eAngel pozabe\u201c\u00a0 ins PAVELHAUS nach BAD RADKERSBURG ein.<\/p>\n","protected":false},"author":3,"featured_media":0,"comment_status":"open","ping_status":"open","sticky":false,"template":"","format":"standard","meta":{"footnotes":""},"categories":[21],"tags":[],"class_list":["post-2328","post","type-post","status-publish","format-standard","hentry","category-veranstaltungshinweise"],"_links":{"self":[{"href":"https:\/\/www.friedensplattform.at\/index.php?rest_route=\/wp\/v2\/posts\/2328","targetHints":{"allow":["GET"]}}],"collection":[{"href":"https:\/\/www.friedensplattform.at\/index.php?rest_route=\/wp\/v2\/posts"}],"about":[{"href":"https:\/\/www.friedensplattform.at\/index.php?rest_route=\/wp\/v2\/types\/post"}],"author":[{"embeddable":true,"href":"https:\/\/www.friedensplattform.at\/index.php?rest_route=\/wp\/v2\/users\/3"}],"replies":[{"embeddable":true,"href":"https:\/\/www.friedensplattform.at\/index.php?rest_route=%2Fwp%2Fv2%2Fcomments&post=2328"}],"version-history":[{"count":0,"href":"https:\/\/www.friedensplattform.at\/index.php?rest_route=\/wp\/v2\/posts\/2328\/revisions"}],"wp:attachment":[{"href":"https:\/\/www.friedensplattform.at\/index.php?rest_route=%2Fwp%2Fv2%2Fmedia&parent=2328"}],"wp:term":[{"taxonomy":"category","embeddable":true,"href":"https:\/\/www.friedensplattform.at\/index.php?rest_route=%2Fwp%2Fv2%2Fcategories&post=2328"},{"taxonomy":"post_tag","embeddable":true,"href":"https:\/\/www.friedensplattform.at\/index.php?rest_route=%2Fwp%2Fv2%2Ftags&post=2328"}],"curies":[{"name":"wp","href":"https:\/\/api.w.org\/{rel}","templated":true}]}}