{"id":233,"date":"2007-10-19T17:19:26","date_gmt":"2007-10-19T15:19:26","guid":{"rendered":"http:\/\/www.luxorbis.org\/friedensplattform.at\/?p=233"},"modified":"2007-10-19T17:19:26","modified_gmt":"2007-10-19T15:19:26","slug":"jenseits-der-ideologien-und-sicherheitsagenden","status":"publish","type":"post","link":"https:\/\/www.friedensplattform.at\/?p=233","title":{"rendered":"Jenseits der Ideologien und Sicherheitsagenden"},"content":{"rendered":"<p><em>B\u00fcrger statt Bomben &#8211; nur eine konsequente Entspannungs- und Entwicklungspolitik kann den Nahen Osten aus der Krise f\u00fchren<\/em><\/p>\n<p><strong>Seit Jahrzehnten h\u00e4lt der Nahe Osten die Welt mit immer neuen Kriegen und Konflikten in Atem. Israel und Pal\u00e4stina, aber auch der Irak und Iran stehen im Brennpunkt einer verfahrenen Lage, die nicht zu kl\u00e4ren ist, solange allseits radikale Ideologen jeden Pragmatismus ersticken.<\/strong><\/p>\n<p><!--more--><br \/>\nVon Victor Kocher in der Neuen Z\u00fcricher Zeitung<\/p>\n<p>Der Vordere Orient ist eine undankbare Region mit t\u00e4glichen schlechten Nachrichten und voll skrupellosen Blutvergiessens. Das westliche Publikum bekundet immer mehr Unverst\u00e4ndnis und \u00dcberdruss, da die Konflikte endlos scheinen. Einflussreiche westliche Politiker beschw\u00f6ren mit Vorliebe islamische Schreckgespenster.<\/p>\n<p><a href=\"http:\/\/www.nzz.ch\/nachrichten\/kultur\/aktuell\/jenseits_der_ideologien_und_sicherheitsagenden_1.569470.html\" title=\"NZZ\" target=\"_blank\">weiterlesen in der neuen Z\u00fcricher Zeitung<\/a><\/p>\n","protected":false},"excerpt":{"rendered":"<p>B\u00fcrger statt Bomben &#8211; nur eine konsequente Entspannungs- und Entwicklungspolitik kann den Nahen Osten aus der Krise f\u00fchren Seit Jahrzehnten h\u00e4lt der Nahe Osten die Welt mit immer neuen Kriegen und Konflikten in Atem. Israel und Pal\u00e4stina, aber auch der Irak und Iran stehen im Brennpunkt einer verfahrenen Lage, die nicht zu kl\u00e4ren ist, solange &hellip; <a href=\"https:\/\/www.friedensplattform.at\/?p=233\" class=\"more-link\"><span class=\"screen-reader-text\">Jenseits der Ideologien und Sicherheitsagenden<\/span> weiterlesen <span class=\"meta-nav\">&rarr;<\/span><\/a><\/p>\n","protected":false},"author":1,"featured_media":0,"comment_status":"open","ping_status":"open","sticky":false,"template":"","format":"standard","meta":{"footnotes":""},"categories":[5],"tags":[],"class_list":["post-233","post","type-post","status-publish","format-standard","hentry","category-arabischer-raum"],"_links":{"self":[{"href":"https:\/\/www.friedensplattform.at\/index.php?rest_route=\/wp\/v2\/posts\/233","targetHints":{"allow":["GET"]}}],"collection":[{"href":"https:\/\/www.friedensplattform.at\/index.php?rest_route=\/wp\/v2\/posts"}],"about":[{"href":"https:\/\/www.friedensplattform.at\/index.php?rest_route=\/wp\/v2\/types\/post"}],"author":[{"embeddable":true,"href":"https:\/\/www.friedensplattform.at\/index.php?rest_route=\/wp\/v2\/users\/1"}],"replies":[{"embeddable":true,"href":"https:\/\/www.friedensplattform.at\/index.php?rest_route=%2Fwp%2Fv2%2Fcomments&post=233"}],"version-history":[{"count":0,"href":"https:\/\/www.friedensplattform.at\/index.php?rest_route=\/wp\/v2\/posts\/233\/revisions"}],"wp:attachment":[{"href":"https:\/\/www.friedensplattform.at\/index.php?rest_route=%2Fwp%2Fv2%2Fmedia&parent=233"}],"wp:term":[{"taxonomy":"category","embeddable":true,"href":"https:\/\/www.friedensplattform.at\/index.php?rest_route=%2Fwp%2Fv2%2Fcategories&post=233"},{"taxonomy":"post_tag","embeddable":true,"href":"https:\/\/www.friedensplattform.at\/index.php?rest_route=%2Fwp%2Fv2%2Ftags&post=233"}],"curies":[{"name":"wp","href":"https:\/\/api.w.org\/{rel}","templated":true}]}}