{"id":234,"date":"2007-10-21T22:28:31","date_gmt":"2007-10-21T20:28:31","guid":{"rendered":"http:\/\/www.luxorbis.org\/friedensplattform.at\/?p=234"},"modified":"2007-10-21T22:28:31","modified_gmt":"2007-10-21T20:28:31","slug":"2-deutsches-sozialforum","status":"publish","type":"post","link":"https:\/\/www.friedensplattform.at\/?p=234","title":{"rendered":"2. DEUTSCHES SOZIALFORUM"},"content":{"rendered":"<p>&#8220; F\u00dcR EINE POLITIK DES FRIEDENS &#8220;<\/p>\n<p>Weltweite Aufr\u00fcstung , Kriege und Militarisierung im Inneren waren Gegenstand der Debatten am zweiten Tag des deutschen Sozialforums in Cottbus.<\/p>\n<p><!--more--><\/p>\n<p>&#8220; Gewaltsame neoliberale  Globalisierung und Kriege sind zwei Seiten  einer Medaille &#8222;. Mit starken Worten er\u00f6ffnete Peter Strutynski vom Bundesauschuss Friedensratschlag die Konferenz &#8220; F\u00fcr eine Politik des Friedens &#8222;. Thomas  Mann abwandelnd charakterisierte er den &#8220; Krieg gegen den Terror&#8220;  als &#8220; Grundtorheit des Jahrhunderts &#8222;. Auf den in Lissabon von den EU- Granden  abgesegneten &#8222;Reformvertrag&#8220; eingehend, zitierte er die &#8220; S\u00fcddeutsche Zeitung &#8222;, die f\u00fcr den Vertrag offensive Werbung betreibt,aber der Bev\u00f6lkerung nahe legt, das Papier gar nicht zu lesen . &#8220; Dem europ\u00e4ischen B\u00fcrger sei geraten, den sich nun abzeichnenden Reformvertrag nicht in die Hand zu nehmen ( sic !), seine Lekt\u00fcre bereitet selbst Spezialisten gro\u00dfe Probleme &#8222;.<\/p>\n<p>Die Bundestagsabgeordnete der LINKEN  Inge H\u00f6ger berichtete von einer Reihe von &#8220; breit angelegten &#8220; Beschl\u00fcssen des deutschen Parlaments, die es der Regierung erlauben, ohne weitere Mandate Truppenkontingente aufzustocken und auch kampfm\u00e4\u00dfig einzusetzen. Das liegt auf der Linie , die &#8220; Bundeswehr zu einer weltweit aktiven Armee  zu machen &#8222;.<\/p>\n<p>Der Abgeordnete zum Europaparlament Tobias Pfl\u00fcger schilderte wie durch eine Reihe kosmetischer \u00c4ndererungen &#8211; etwa durch alternative  Paragrafennumerierung &#8211; der alte Verfassungsentwurf in &#8222;neuer&#8220; Gestalt eine Resurrektion erlebt. Er verwies darauf, da\u00df die EU immer st\u00e4rker als &#8222;imperialer Akteur &#8220; auftritt.&#8220; Im Tschad etwa wird die neokoloniale Politik Frankreichs jetzt unter EU-Flagge fortgestzt &#8222;.<\/p>\n<p>Tobias Pfl\u00fcger machte deutlich, da\u00df sich die Friedensbewegung mit einigen aktuellen Entwicklungen intensiver auseinandersetzen mu\u00df : &#8222;Bei den  `&#8220;Auslandseins\u00e4tzen &#8220; spielt die sogenannte &#8222;zivile &#8220; Komponente eine immer st\u00e4rkere Rolle. Viele &#8222;Polizeiaufgaben &#8220; sind nichts anderes  als klassische milit\u00e4rische Repressionsma\u00dfnahmen &#8222;.<\/p>\n<p>Hermann Dworczak<\/p>\n","protected":false},"excerpt":{"rendered":"<p>&#8220; F\u00dcR EINE POLITIK DES FRIEDENS &#8220; Weltweite Aufr\u00fcstung , Kriege und Militarisierung im Inneren waren Gegenstand der Debatten am zweiten Tag des deutschen Sozialforums in Cottbus.<\/p>\n","protected":false},"author":1,"featured_media":0,"comment_status":"open","ping_status":"open","sticky":false,"template":"","format":"standard","meta":{"footnotes":""},"categories":[7],"tags":[],"class_list":["post-234","post","type-post","status-publish","format-standard","hentry","category-asf-bewegung"],"_links":{"self":[{"href":"https:\/\/www.friedensplattform.at\/index.php?rest_route=\/wp\/v2\/posts\/234","targetHints":{"allow":["GET"]}}],"collection":[{"href":"https:\/\/www.friedensplattform.at\/index.php?rest_route=\/wp\/v2\/posts"}],"about":[{"href":"https:\/\/www.friedensplattform.at\/index.php?rest_route=\/wp\/v2\/types\/post"}],"author":[{"embeddable":true,"href":"https:\/\/www.friedensplattform.at\/index.php?rest_route=\/wp\/v2\/users\/1"}],"replies":[{"embeddable":true,"href":"https:\/\/www.friedensplattform.at\/index.php?rest_route=%2Fwp%2Fv2%2Fcomments&post=234"}],"version-history":[{"count":0,"href":"https:\/\/www.friedensplattform.at\/index.php?rest_route=\/wp\/v2\/posts\/234\/revisions"}],"wp:attachment":[{"href":"https:\/\/www.friedensplattform.at\/index.php?rest_route=%2Fwp%2Fv2%2Fmedia&parent=234"}],"wp:term":[{"taxonomy":"category","embeddable":true,"href":"https:\/\/www.friedensplattform.at\/index.php?rest_route=%2Fwp%2Fv2%2Fcategories&post=234"},{"taxonomy":"post_tag","embeddable":true,"href":"https:\/\/www.friedensplattform.at\/index.php?rest_route=%2Fwp%2Fv2%2Ftags&post=234"}],"curies":[{"name":"wp","href":"https:\/\/api.w.org\/{rel}","templated":true}]}}