{"id":235,"date":"2007-10-29T11:48:26","date_gmt":"2007-10-29T09:48:26","guid":{"rendered":"http:\/\/www.luxorbis.org\/friedensplattform.at\/?p=235"},"modified":"2007-10-29T11:48:26","modified_gmt":"2007-10-29T09:48:26","slug":"artikel-in-der-jungen-welt-kontra-fur-bush","status":"publish","type":"post","link":"https:\/\/www.friedensplattform.at\/?p=235","title":{"rendered":"Artikel in der jungen Welt: Kontra f&#252;r Bush"},"content":{"rendered":"<p><em>Von Rainer Rupp <\/em><\/p>\n<p>Mehr als einhunderttausend Menschen haben am Wochenende in den USA gegen die Kriegspolitik von Pr\u00e4sident George W. Bush protestiert. Obwohl die Proteste von den Medien zun\u00e4chst kleingeredet wurden &#8211; in Berichten war zun\u00e4chst von lediglich \u00bbTausenden Demonstranten\u00ab die Rede, beeindruckten schlie\u00dflich die Bilder von den Zehntausenden in den Stra\u00dfen von New York, Chicago, San Francisco und weiterer US-Gro\u00dfst\u00e4dte.<\/p>\n<p><!--more--><\/p>\n<p>\u00bbBeendet diesen Krieg jetzt\u00ab, \u00bbStoppt Bush\u00ab und \u00bbGesundheitsversorgung statt Kriegsf\u00fchrung\u00ab waren die zentralen Parolen auf den M\u00e4rschen in insgesamt elf Metropolen. Die Friedenskoalition \u00bbUnited for Peace and Justice\u00ab, Gewerkschaften und Veteranenverb\u00e4nde hatten zu dem \u00bbnationalen Aktionstag\u00ab am Samstag aufgerufen. Vor f\u00fcnf Jahren hatte der US-Senat Bushs willk\u00fcrlichen Angriffskrieg gegen Irak autorisiert.<\/p>\n<p><a href=\"http:\/\/www.jungewelt.de\/2007\/10-29\/059.php\" title=\"junge Welt\" target=\"_blank\"> Weiterlesen in der jungen Welt<\/a><\/p>\n","protected":false},"excerpt":{"rendered":"<p>Von Rainer Rupp Mehr als einhunderttausend Menschen haben am Wochenende in den USA gegen die Kriegspolitik von Pr\u00e4sident George W. Bush protestiert. Obwohl die Proteste von den Medien zun\u00e4chst kleingeredet wurden &#8211; in Berichten war zun\u00e4chst von lediglich \u00bbTausenden Demonstranten\u00ab die Rede, beeindruckten schlie\u00dflich die Bilder von den Zehntausenden in den Stra\u00dfen von New York, &hellip; <a href=\"https:\/\/www.friedensplattform.at\/?p=235\" class=\"more-link\"><span class=\"screen-reader-text\">Artikel in der jungen Welt: Kontra f&#252;r Bush<\/span> weiterlesen <span class=\"meta-nav\">&rarr;<\/span><\/a><\/p>\n","protected":false},"author":1,"featured_media":0,"comment_status":"open","ping_status":"open","sticky":false,"template":"","format":"standard","meta":{"footnotes":""},"categories":[1],"tags":[],"class_list":["post-235","post","type-post","status-publish","format-standard","hentry","category-allgemein"],"_links":{"self":[{"href":"https:\/\/www.friedensplattform.at\/index.php?rest_route=\/wp\/v2\/posts\/235","targetHints":{"allow":["GET"]}}],"collection":[{"href":"https:\/\/www.friedensplattform.at\/index.php?rest_route=\/wp\/v2\/posts"}],"about":[{"href":"https:\/\/www.friedensplattform.at\/index.php?rest_route=\/wp\/v2\/types\/post"}],"author":[{"embeddable":true,"href":"https:\/\/www.friedensplattform.at\/index.php?rest_route=\/wp\/v2\/users\/1"}],"replies":[{"embeddable":true,"href":"https:\/\/www.friedensplattform.at\/index.php?rest_route=%2Fwp%2Fv2%2Fcomments&post=235"}],"version-history":[{"count":0,"href":"https:\/\/www.friedensplattform.at\/index.php?rest_route=\/wp\/v2\/posts\/235\/revisions"}],"wp:attachment":[{"href":"https:\/\/www.friedensplattform.at\/index.php?rest_route=%2Fwp%2Fv2%2Fmedia&parent=235"}],"wp:term":[{"taxonomy":"category","embeddable":true,"href":"https:\/\/www.friedensplattform.at\/index.php?rest_route=%2Fwp%2Fv2%2Fcategories&post=235"},{"taxonomy":"post_tag","embeddable":true,"href":"https:\/\/www.friedensplattform.at\/index.php?rest_route=%2Fwp%2Fv2%2Ftags&post=235"}],"curies":[{"name":"wp","href":"https:\/\/api.w.org\/{rel}","templated":true}]}}