{"id":237,"date":"2007-11-04T19:32:30","date_gmt":"2007-11-04T17:32:30","guid":{"rendered":"http:\/\/www.luxorbis.org\/friedensplattform.at\/?p=237"},"modified":"2007-11-04T19:32:30","modified_gmt":"2007-11-04T17:32:30","slug":"forderung-nach-einer-volksabstimmung-uber-den-eu-vertrag","status":"publish","type":"post","link":"https:\/\/www.friedensplattform.at\/?p=237","title":{"rendered":"Forderung nach einer Volksabstimmung &#252;ber den EU-Vertrag"},"content":{"rendered":"<p>Am<strong> Mi. 7. November 2007 von 20  bis 21 Uhr; Gr\u00fcne Akademie ;Paulustorgasse 3\/I<\/strong>  findet  im Anschluss an den Diavortrag\/Pal\u00e4stinareise ein Treffen \u00fcber eine Kampagne zur Durchsetzung der Forderung nach einer Volksabstimmung \u00fcber den EU-Vertrag statt.<\/p>\n<p>mfg Johann; Markus;<\/p>\n","protected":false},"excerpt":{"rendered":"<p>Am Mi. 7. November 2007 von 20 bis 21 Uhr; Gr\u00fcne Akademie ;Paulustorgasse 3\/I findet im Anschluss an den Diavortrag\/Pal\u00e4stinareise ein Treffen \u00fcber eine Kampagne zur Durchsetzung der Forderung nach einer Volksabstimmung \u00fcber den EU-Vertrag statt. mfg Johann; Markus;<\/p>\n","protected":false},"author":1,"featured_media":0,"comment_status":"open","ping_status":"open","sticky":false,"template":"","format":"standard","meta":{"footnotes":""},"categories":[7,19],"tags":[],"class_list":["post-237","post","type-post","status-publish","format-standard","hentry","category-asf-bewegung","category-termine"],"_links":{"self":[{"href":"https:\/\/www.friedensplattform.at\/index.php?rest_route=\/wp\/v2\/posts\/237","targetHints":{"allow":["GET"]}}],"collection":[{"href":"https:\/\/www.friedensplattform.at\/index.php?rest_route=\/wp\/v2\/posts"}],"about":[{"href":"https:\/\/www.friedensplattform.at\/index.php?rest_route=\/wp\/v2\/types\/post"}],"author":[{"embeddable":true,"href":"https:\/\/www.friedensplattform.at\/index.php?rest_route=\/wp\/v2\/users\/1"}],"replies":[{"embeddable":true,"href":"https:\/\/www.friedensplattform.at\/index.php?rest_route=%2Fwp%2Fv2%2Fcomments&post=237"}],"version-history":[{"count":0,"href":"https:\/\/www.friedensplattform.at\/index.php?rest_route=\/wp\/v2\/posts\/237\/revisions"}],"wp:attachment":[{"href":"https:\/\/www.friedensplattform.at\/index.php?rest_route=%2Fwp%2Fv2%2Fmedia&parent=237"}],"wp:term":[{"taxonomy":"category","embeddable":true,"href":"https:\/\/www.friedensplattform.at\/index.php?rest_route=%2Fwp%2Fv2%2Fcategories&post=237"},{"taxonomy":"post_tag","embeddable":true,"href":"https:\/\/www.friedensplattform.at\/index.php?rest_route=%2Fwp%2Fv2%2Ftags&post=237"}],"curies":[{"name":"wp","href":"https:\/\/api.w.org\/{rel}","templated":true}]}}