{"id":238,"date":"2007-11-10T12:47:18","date_gmt":"2007-11-10T10:47:18","guid":{"rendered":"http:\/\/www.luxorbis.org\/friedensplattform.at\/?p=238"},"modified":"2007-11-10T12:47:18","modified_gmt":"2007-11-10T10:47:18","slug":"artikel-in-der-jungen-welt-kriegstreffen-in-annapolis","status":"publish","type":"post","link":"https:\/\/www.friedensplattform.at\/?p=238","title":{"rendered":"Artikel in der jungen Welt: Kriegstreffen in Annapolis"},"content":{"rendered":"<p>Bei Bushs Nahostkonferenz soll die Hamas au\u00dfen vor bleiben. Statt den israelisch-pal\u00e4stinensischen Konflikt zu l\u00f6sen, r\u00fcstet der US-Pr\u00e4sident zum Dritten Weltkrieg<br \/>\nVon Michael Warschawski<\/p>\n<p><a href=\"http:\/\/www.jungewelt.de\/2007\/11-09\/025.php\" title=\"Junge Welt\" target=\"_blank\">Weiterlesen in der jungen Welt<\/a><\/p>\n","protected":false},"excerpt":{"rendered":"<p>Bei Bushs Nahostkonferenz soll die Hamas au\u00dfen vor bleiben. Statt den israelisch-pal\u00e4stinensischen Konflikt zu l\u00f6sen, r\u00fcstet der US-Pr\u00e4sident zum Dritten Weltkrieg Von Michael Warschawski Weiterlesen in der jungen Welt<\/p>\n","protected":false},"author":1,"featured_media":0,"comment_status":"open","ping_status":"open","sticky":false,"template":"","format":"standard","meta":{"footnotes":""},"categories":[5],"tags":[],"class_list":["post-238","post","type-post","status-publish","format-standard","hentry","category-arabischer-raum"],"_links":{"self":[{"href":"https:\/\/www.friedensplattform.at\/index.php?rest_route=\/wp\/v2\/posts\/238","targetHints":{"allow":["GET"]}}],"collection":[{"href":"https:\/\/www.friedensplattform.at\/index.php?rest_route=\/wp\/v2\/posts"}],"about":[{"href":"https:\/\/www.friedensplattform.at\/index.php?rest_route=\/wp\/v2\/types\/post"}],"author":[{"embeddable":true,"href":"https:\/\/www.friedensplattform.at\/index.php?rest_route=\/wp\/v2\/users\/1"}],"replies":[{"embeddable":true,"href":"https:\/\/www.friedensplattform.at\/index.php?rest_route=%2Fwp%2Fv2%2Fcomments&post=238"}],"version-history":[{"count":0,"href":"https:\/\/www.friedensplattform.at\/index.php?rest_route=\/wp\/v2\/posts\/238\/revisions"}],"wp:attachment":[{"href":"https:\/\/www.friedensplattform.at\/index.php?rest_route=%2Fwp%2Fv2%2Fmedia&parent=238"}],"wp:term":[{"taxonomy":"category","embeddable":true,"href":"https:\/\/www.friedensplattform.at\/index.php?rest_route=%2Fwp%2Fv2%2Fcategories&post=238"},{"taxonomy":"post_tag","embeddable":true,"href":"https:\/\/www.friedensplattform.at\/index.php?rest_route=%2Fwp%2Fv2%2Ftags&post=238"}],"curies":[{"name":"wp","href":"https:\/\/api.w.org\/{rel}","templated":true}]}}