{"id":239,"date":"2007-11-18T15:10:47","date_gmt":"2007-11-18T13:10:47","guid":{"rendered":"http:\/\/www.luxorbis.org\/friedensplattform.at\/?p=239"},"modified":"2007-11-18T15:10:47","modified_gmt":"2007-11-18T13:10:47","slug":"kampagne-volksabstimmung-uber-eu-reformvertrag","status":"publish","type":"post","link":"https:\/\/www.friedensplattform.at\/?p=239","title":{"rendered":"Kampagne Volksabstimmung &#252;ber EU-Reformvertrag"},"content":{"rendered":"<p><a href=\"http:\/\/www.volxabstimmung.at\" title=\"www.volxabstimmung.at\" target=\"_blank\">www.volxabstimmung.at<\/a><\/p>\n<p>Zusammen mit einer Reihe von befreundeten Organisationen macht sich die Steirische Friedensplattform f\u00fcr eine Volksabstimmung \u00fcber den EU-Reformvertrag stark. Informationen zur Kampagne findet ihr unter dem oben angef\u00fchrten Link.<\/p>\n<p><!--more--><\/p>\n<p>Falls ihr uns unterst\u00fctzen wollt k\u00f6nnt ihr hier Unterschriftenlisten herunterladen:<\/p>\n<p><a href=\"http:\/\/www.luxorbis.org\/friedensplattform.at\/wp-content\/uploads\/2007\/11\/unterschriftenaktion_reformvertrag_01.pdf\" title=\"Liste_EU-Reformvertrag\">Liste_EU-Reformvertrag<\/a><\/p>\n<p>Die unterchriebenen Listen schickt ihr dann bitte an uns:<\/p>\n<p>Steirische Friedensplattform<br \/>\nStrasserhofweg 20<br \/>\n8045 Graz<\/p>\n","protected":false},"excerpt":{"rendered":"<p>www.volxabstimmung.at Zusammen mit einer Reihe von befreundeten Organisationen macht sich die Steirische Friedensplattform f\u00fcr eine Volksabstimmung \u00fcber den EU-Reformvertrag stark. Informationen zur Kampagne findet ihr unter dem oben angef\u00fchrten Link.<\/p>\n","protected":false},"author":1,"featured_media":0,"comment_status":"open","ping_status":"open","sticky":false,"template":"","format":"standard","meta":{"footnotes":""},"categories":[11],"tags":[],"class_list":["post-239","post","type-post","status-publish","format-standard","hentry","category-eu-reformvertrag"],"_links":{"self":[{"href":"https:\/\/www.friedensplattform.at\/index.php?rest_route=\/wp\/v2\/posts\/239","targetHints":{"allow":["GET"]}}],"collection":[{"href":"https:\/\/www.friedensplattform.at\/index.php?rest_route=\/wp\/v2\/posts"}],"about":[{"href":"https:\/\/www.friedensplattform.at\/index.php?rest_route=\/wp\/v2\/types\/post"}],"author":[{"embeddable":true,"href":"https:\/\/www.friedensplattform.at\/index.php?rest_route=\/wp\/v2\/users\/1"}],"replies":[{"embeddable":true,"href":"https:\/\/www.friedensplattform.at\/index.php?rest_route=%2Fwp%2Fv2%2Fcomments&post=239"}],"version-history":[{"count":0,"href":"https:\/\/www.friedensplattform.at\/index.php?rest_route=\/wp\/v2\/posts\/239\/revisions"}],"wp:attachment":[{"href":"https:\/\/www.friedensplattform.at\/index.php?rest_route=%2Fwp%2Fv2%2Fmedia&parent=239"}],"wp:term":[{"taxonomy":"category","embeddable":true,"href":"https:\/\/www.friedensplattform.at\/index.php?rest_route=%2Fwp%2Fv2%2Fcategories&post=239"},{"taxonomy":"post_tag","embeddable":true,"href":"https:\/\/www.friedensplattform.at\/index.php?rest_route=%2Fwp%2Fv2%2Ftags&post=239"}],"curies":[{"name":"wp","href":"https:\/\/api.w.org\/{rel}","templated":true}]}}