{"id":2395,"date":"2012-10-21T08:50:36","date_gmt":"2012-10-21T06:50:36","guid":{"rendered":"http:\/\/www.luxorbis.org\/friedensplattform.at\/?p=2395"},"modified":"2012-10-21T08:50:36","modified_gmt":"2012-10-21T06:50:36","slug":"aufruf-zum-waffenstillstand","status":"publish","type":"post","link":"https:\/\/www.friedensplattform.at\/?p=2395","title":{"rendered":"Aufruf zum Waffenstillstand"},"content":{"rendered":"<h2>UN-Vermittler Brahimi in Syrien eingetroffen<\/h2>\n<address>Von Karin Leukefeld, Damaskus<\/address>\n<address><!--more--><br \/>\n<\/address>\n<div>Ein Waffenstillstand w\u00e4hrend des islamischen Opferfestes in Syrien wurde  am Freitag auch von den \u00adNATO-L\u00e4ndern T\u00fcrkei und Deutschland  unterst\u00fctzt. Der t\u00fcrkische Au\u00dfenminister Ahmet Davutoglu rief sowohl die  syrischen Streitkr\u00e4fte als auch die bewaffneten Aufst\u00e4ndischen auf,  wenigstens w\u00e4hrend der vier Feiertage von Eid Al-Adha die Waffen ruhen  zu lassen. Bundesau\u00dfenminister Guido Westerwelle sagte, ein  Waffenstillstand w\u00e4re \u00bbein wichtiger humanit\u00e4rer Hoffnungsschimmer f\u00fcr  die Menschen in Syrien\u00ab. Auch Irak und Iran riefen am Freitag zu einem  Waffenstillstand in Syrien auf. Der Vorsitzende des Syrischen  Nationalrates (SNR), Abdel Baset Sayda, sagte, man w\u00fcrde sich \u00fcber \u00bbein  Ende des Mordens freuen\u00ab, daf\u00fcr m\u00fcsse die \u00bbsyrische Kriegsmaschine\u00ab  aufh\u00f6ren, \u00bbSt\u00e4dte und D\u00f6rfer zu bombardieren\u00ab. Die Aufst\u00e4ndischen w\u00fcrden  sich \u00bbnur verteidigen\u00ab, sagte Sayda.<\/p>\n<p>Der Sprecher des Au\u00dfenministeriums, Jihad Makdessi, \u00e4u\u00dferte sich  abwartend. \u00bbUm der Initiative zum Erfolg zu verhelfen braucht es zwei  Seiten\u00ab, sagte er. Das syrische Au\u00dfenministerium hatte am Donnerstag in  einem Schreiben an den UN-Sicherheitsrat Auskunft \u00fcber Aktivit\u00e4ten  ausl\u00e4ndischer K\u00e4mpfer in Syrien gegeben und die Hoffnung ge\u00e4u\u00dfert, da\u00df  der UN-Sicherheitsrat den ausl\u00e4ndischen \u00bbTerroristen in Syrien\u00ab Einhalt  gebietet.<\/p>\n<p>Der Vorschlag f\u00fcr einen zun\u00e4chst befristeten Waffenstillstand war von  dem UN-Sondervermittler f\u00fcr Syrien, Lakhdar Brahimi, Anfang der Woche  eingebracht worden. Brahimi traf am Freitag in Damaskus ein. Zuvor hatte  er in Riad, Ankara, Teheran, Bagdad, Beirut und Amman um Unterst\u00fctzung  der Waffenruhe geworben.<\/p>\n<p>Unterdessen wurden auch am Freitag heftige K\u00e4mpfe aus dem strategisch  wichtigen Ort Maaret Al-Numan gemeldet, wo Aufst\u00e4ndische teilweise die  Autobahnverbindung zwischen Homs und Aleppo gesperrt und eine  Raketenbasis der syrischen Luftwaffe angegriffen hatten. Da die  Aufst\u00e4ndischen mit modernen Luftabwehrgesch\u00fctzen viele Hubschrauber  abgeschossen haben, werden verst\u00e4rkt Kampfjets gegen sie eingesetzt.<\/p>\n<p>Die T\u00fcrkei r\u00e4umte derweil gegen\u00fcber Moskau ein, da\u00df die syrische  Passagiermaschine, die in der vergangenen Woche zur Landung in Ankara  gezwungen worden war, keine illegale Ladung an Bord hatte. Allerdings  beanstande man deren Deklarierung. Ein Sprecher des russischen  Au\u00dfenministeriums sagte, die t\u00fcrkische Seite habe ihr Bedauern  ausgedr\u00fcckt. Moskau bestehe weiter auf einer Untersuchung.<\/p><\/div>\n<div><\/div>\n<div>Quelle: jungewelt vom 20.10.12<\/div>\n<form action=\"\/2012\/10-20\/059.php\" method=\"post\">\n<fieldset>\n<legend>Lesen und lesen lassen<\/legend>\n<div>\n<div><label for=\"r1\"><input id=\"r1\" name=\"rate\" type=\"radio\" value=\"1\" \/><\/label><\/div>\n<div><label for=\"r2\"><input id=\"r2\" name=\"rate\" type=\"radio\" value=\"2\" \/><\/label><\/div>\n<div><label for=\"r3\"><input id=\"r3\" name=\"rate\" type=\"radio\" value=\"3\" \/><\/label><\/div>\n<\/div>\n<\/fieldset><\/form>\n","protected":false},"excerpt":{"rendered":"<p>UN-Vermittler Brahimi in Syrien eingetroffen Von Karin Leukefeld, Damaskus<\/p>\n","protected":false},"author":2,"featured_media":0,"comment_status":"open","ping_status":"open","sticky":false,"template":"","format":"standard","meta":{"footnotes":""},"categories":[1],"tags":[],"class_list":["post-2395","post","type-post","status-publish","format-standard","hentry","category-allgemein"],"_links":{"self":[{"href":"https:\/\/www.friedensplattform.at\/index.php?rest_route=\/wp\/v2\/posts\/2395","targetHints":{"allow":["GET"]}}],"collection":[{"href":"https:\/\/www.friedensplattform.at\/index.php?rest_route=\/wp\/v2\/posts"}],"about":[{"href":"https:\/\/www.friedensplattform.at\/index.php?rest_route=\/wp\/v2\/types\/post"}],"author":[{"embeddable":true,"href":"https:\/\/www.friedensplattform.at\/index.php?rest_route=\/wp\/v2\/users\/2"}],"replies":[{"embeddable":true,"href":"https:\/\/www.friedensplattform.at\/index.php?rest_route=%2Fwp%2Fv2%2Fcomments&post=2395"}],"version-history":[{"count":0,"href":"https:\/\/www.friedensplattform.at\/index.php?rest_route=\/wp\/v2\/posts\/2395\/revisions"}],"wp:attachment":[{"href":"https:\/\/www.friedensplattform.at\/index.php?rest_route=%2Fwp%2Fv2%2Fmedia&parent=2395"}],"wp:term":[{"taxonomy":"category","embeddable":true,"href":"https:\/\/www.friedensplattform.at\/index.php?rest_route=%2Fwp%2Fv2%2Fcategories&post=2395"},{"taxonomy":"post_tag","embeddable":true,"href":"https:\/\/www.friedensplattform.at\/index.php?rest_route=%2Fwp%2Fv2%2Ftags&post=2395"}],"curies":[{"name":"wp","href":"https:\/\/api.w.org\/{rel}","templated":true}]}}