{"id":2399,"date":"2012-10-21T19:27:41","date_gmt":"2012-10-21T17:27:41","guid":{"rendered":"http:\/\/www.luxorbis.org\/friedensplattform.at\/?p=2399"},"modified":"2012-10-21T19:27:41","modified_gmt":"2012-10-21T17:27:41","slug":"oesterr-presserat-verteidigt-diskriminierende-aussagen","status":"publish","type":"post","link":"https:\/\/www.friedensplattform.at\/?p=2399","title":{"rendered":"&#214;sterr. Presserat verteidigt diskriminierende Aussagen"},"content":{"rendered":"<p>gegen\u00fcber Pal\u00e4stinenserInnen in den Kommentaren von Christian Ortner\/Presse, weil &#8222;man d\u00fcrfe einzelne \u00c4usserungen nicht wortw\u00f6rtlich nehmen&#8220;.<!--more--><\/p>\n<p>Doch sind es nicht einzelne \u00c4usserungen, sondern wiederholte \u00c4usserungen. Der Ausdruck &#8222;milieutypisch&#8220;  ist zudem ein im Strafrecht g\u00e4ngiger<span style=\"font-family: Raavi;\">. <\/span>Herr Ortner unterstellt in beiden Aussagen seiner Kommentare Pal\u00e4stinenserInnen generell Gewaltt\u00e4tigkeit und Affinit\u00e4t zu Terrorismus. Damit pauschalverd\u00e4chtigt und verunglimpft er eine Personengruppe, die in diesen F\u00e4llen als \u201enational definierte Personengruppe\u201c bezeichnet werden kann und damit liegt ebenso eine Diskriminierung aus nationalen Gr\u00fcnden vor. Dieser Argumentation folgte der Presserat nicht, sondern rechtfertigte die herabw\u00fcrdigenden Zuschreibungen von C. Ortner an diese Personengruppe.<\/p>\n<p><span style=\"font-family: Raavi;\"> <\/span><\/p>\n<p>Hier die\u00a0 Mitteilung<strong><em><a rel=\"attachment wp-att-2398\" href=\"http:\/\/www.luxorbis.org\/friedensplattform.at\/?attachment_id=2398\"> Mitteilung_an_Presserat<\/a><\/em><\/strong> und die Stellungnahme des \u00f6sterr.  Presserats <strong><em><a rel=\"attachment wp-att-2397\" href=\"http:\/\/www.luxorbis.org\/friedensplattform.at\/?attachment_id=2397\">Mitteilung 2012_88_04.09.2012<\/a> <\/em><\/strong>zu den hier in den Links vollst\u00e4ndig nachlesbarten  Kommentaren von Christian Ortner aus der &#8222;Presse&#8220;.<\/p>\n<p><a href=\"http:\/\/diepresse.com\/home\/meinung\/quergeschrieben\/christianortner\/1277065\/Olympia-2012_Wo-ExTerroristen-ueber-Gedenken-an-TerrorOpfer\" target=\"_blank\">http:\/\/diepresse.com\/home\/meinung\/quergeschrieben\/christianortner\/1277065\/Olympia-2012_Wo-ExTerroristen-ueber-Gedenken-an-TerrorOpfer<\/a><br \/>\n<em><strong>besonders die Aussage &#8222;..dem in diesem Milieu beliebten Beruf des Terroristen&#8230;&#8220;<\/strong><\/em><\/p>\n<p><a href=\"http:\/\/diepresse.com\/home\/meinung\/quergeschrieben\/christianortner\/740707\/Warum-leben-juedische-Kids-genau-dort-wo-Raketen-aus-Gaza-einschlagen\" target=\"_blank\">http:\/\/diepresse.com\/home\/meinung\/quergeschrieben\/christianortner\/740707\/Warum-leben-juedische-Kids-genau-dort-wo-Raketen-aus-Gaza-einschlagen<\/a><br \/>\n<strong><em>die Aussage &#8222;&#8230;eine Art milieutypischer Beitrag zum nah\u00f6stlichen Friedensprozess&#8220;<\/em><\/strong><\/p>\n<p><strong><em> <\/em><\/strong><\/p>\n","protected":false},"excerpt":{"rendered":"<p>gegen\u00fcber Pal\u00e4stinenserInnen in den Kommentaren von Christian Ortner\/Presse, weil &#8222;man d\u00fcrfe einzelne \u00c4usserungen nicht wortw\u00f6rtlich nehmen&#8220;.<\/p>\n","protected":false},"author":3,"featured_media":0,"comment_status":"open","ping_status":"open","sticky":false,"template":"","format":"standard","meta":{"footnotes":""},"categories":[17],"tags":[],"class_list":["post-2399","post","type-post","status-publish","format-standard","hentry","category-meinung"],"_links":{"self":[{"href":"https:\/\/www.friedensplattform.at\/index.php?rest_route=\/wp\/v2\/posts\/2399","targetHints":{"allow":["GET"]}}],"collection":[{"href":"https:\/\/www.friedensplattform.at\/index.php?rest_route=\/wp\/v2\/posts"}],"about":[{"href":"https:\/\/www.friedensplattform.at\/index.php?rest_route=\/wp\/v2\/types\/post"}],"author":[{"embeddable":true,"href":"https:\/\/www.friedensplattform.at\/index.php?rest_route=\/wp\/v2\/users\/3"}],"replies":[{"embeddable":true,"href":"https:\/\/www.friedensplattform.at\/index.php?rest_route=%2Fwp%2Fv2%2Fcomments&post=2399"}],"version-history":[{"count":0,"href":"https:\/\/www.friedensplattform.at\/index.php?rest_route=\/wp\/v2\/posts\/2399\/revisions"}],"wp:attachment":[{"href":"https:\/\/www.friedensplattform.at\/index.php?rest_route=%2Fwp%2Fv2%2Fmedia&parent=2399"}],"wp:term":[{"taxonomy":"category","embeddable":true,"href":"https:\/\/www.friedensplattform.at\/index.php?rest_route=%2Fwp%2Fv2%2Fcategories&post=2399"},{"taxonomy":"post_tag","embeddable":true,"href":"https:\/\/www.friedensplattform.at\/index.php?rest_route=%2Fwp%2Fv2%2Ftags&post=2399"}],"curies":[{"name":"wp","href":"https:\/\/api.w.org\/{rel}","templated":true}]}}