{"id":2410,"date":"2012-10-22T15:47:25","date_gmt":"2012-10-22T13:47:25","guid":{"rendered":"http:\/\/www.luxorbis.org\/friedensplattform.at\/?p=2410"},"modified":"2012-10-22T15:47:25","modified_gmt":"2012-10-22T13:47:25","slug":"manoever-und-geruechtekueche","status":"publish","type":"post","link":"https:\/\/www.friedensplattform.at\/?p=2410","title":{"rendered":"Man&#246;ver und Ger&#252;chtek&#252;che"},"content":{"rendered":"<h2>US-Regierung dementiert Berichte \u00fcber direkte Gespr\u00e4che mit dem Iran<\/h2>\n<address>Von Knut Mellenthin\u00a0\u00a0\u00a0\u00a0\u00a0\u00a0\u00a0 jungewelt vom 22.10.12<br \/>\n<\/address>\n<div>\n<div>\n<table border=\"0\" width=\"50\" summary=\"Designtabelle\">\n<tbody>\n<tr>\n<td><a> <img decoding=\"async\" id=\"img40850\" src=\"http:\/\/www.jungewelt.de\/serveImage.php?id=40850&amp;ext=.jpg\" alt=\"Eine gemeinsame Milit\u00e4r\u00fcbung der USA und Israels 2009\" \/> <\/a><\/p>\n<div>Eine gemeinsame Milit\u00e4r\u00fcbung der USA und Israels 2009<\/div>\n<div>Foto: AP<!--more--><\/div>\n<\/td>\n<\/tr>\n<\/tbody>\n<\/table>\n<\/div>\n<p>In Israel hat gestern die Milit\u00e4r\u00fcbung \u00bbAustere Challenge 2012\u00ab  begonnen, die gemeinsam mit den Streitkr\u00e4ften der USA durchgef\u00fchrt wird.  Im Zentrum der Kriegsspiele, die etwa zwei bis drei Wochen dauern  sollen, steht die integrierte Abwehr von Raketenangriffen. Es handelt  sich dabei nicht nur um eines der beliebten \u00bbSignale an den Iran\u00ab,  sondern auch, wie BBC-Milit\u00e4rkorrespondent Jonathan Marcus am Sonnabend  zutreffend kommentierte, um \u00bbeine Art kleinformatigen Prototyp dessen,  was die USA auch mit ihren NATO-Verb\u00fcndeten aufbauen wollen\u00ab.<\/p>\n<p>\u00bbAustere Challenge 2012\u00ab ist bereits die sechste  amerikanisch-israelische \u00dcbung dieser Art \u2013 und einer Pressemitteilung  der israelischen Streitkr\u00e4fte zufolge die bisher umfangreichste. Die USA  setzen rund 3500 Soldaten ein, 1000 davon direkt in Israel, die \u00fcbrigen  auf See und in verschiedenen europ\u00e4ischen St\u00fctzpunkten. Die \u00dcbung hatte  zun\u00e4chst schon im Fr\u00fchjahr stattfinden sollen, war aber \u2013 wie sich erst  sp\u00e4ter herausstellte auf Wunsch Israels \u2013 im Januar ohne Angabe  plausibler Gr\u00fcnde verschoben worden. Das hatte damals zu gewagten  Spekulationen \u00fcber ein Abr\u00fccken der USA von Israel gef\u00fchrt.  Entsprechende Ger\u00fcchte waren allerdings eindeutig vom geheimdienstnahen  israelischen Desinformationsportal DEBKAfile in die Welt gesetzt worden.<\/p>\n<p>Aus \u00e4hnlichen tr\u00fcben Quellen scheint der am Sonnabend in der New York  Times erschienene Bericht zu stammen, in dem von einer  amerikanisch-iranischen Grundsatzvereinbarung \u00fcber die Aufnahme direkter  Gespr\u00e4che nach der am 6. November stattfindenden Pr\u00e4sidentenwahl die  Rede ist. Wie in solchen F\u00e4llen \u00fcblich, berufen sich die Autoren des  Artikels, Helene Cooper und Mark Landler, f\u00fcr ihre Behauptungen  ausschlie\u00dflich auf anonyme US-amerikanische \u00bbRegierungsbeamte\u00ab. Die  Journalisten r\u00e4umen ein, da\u00df \u00fcberhaupt nicht klar sei, ob die angebliche  Vereinbarung die Zustimmung von Revolutionsf\u00fchrer Ali Khamenei hat.  Au\u00dferdem seien sich die Vertreter beider Seiten nicht einig, wor\u00fcber  gesprochen werden soll: Nur \u00fcber das iranische Atomprogramm oder aber,  wie die Iraner bekannterma\u00dfen w\u00fcnschen, auch \u00fcber eine Vielzahl anderer  Themen wie etwa Syrien.<\/p>\n<p>Die Ver\u00f6ffentlichung des j\u00fcngsten Ger\u00fcchts durch die New York Times  erfolgte offensichtlich mit Blick auf das dritte \u00bbFernsehduell\u00ab zwischen  Pr\u00e4sident Barack Obama und seinem republikanischen Herausforderer Mitt  Romney, das am heutigen Montag stattfinden und sich mit der Au\u00dfenpolitik  besch\u00e4ftigen soll. Der Amtsinhaber wird dadurch wieder einmal in den  von den Republikanern st\u00e4ndig gen\u00e4hrten Verdacht gebracht, er sei  gegen\u00fcber Teheran \u00bbzu weich\u00ab und strebe klammheimlich hinter dem R\u00fccken  Israels faule Kompromisse zu dessen Nachteil an.<\/p>\n<p>Das Wei\u00dfe Haus lie\u00df den Bericht der New York Times umgehend durch den  Sprecher des Nationalen Sicherheitsrats, Tommy Vietor, dementieren: Es  gebe keine Vereinbarung \u00fcber die Aufnahme zweiseitiger Gespr\u00e4che.  Ma\u00dfgeblich sei f\u00fcr die USA allein das Verhandlungsformat \u00bb5+1\u00ab, an dem  auch Frankreich, Gro\u00dfbritannien, China und Ru\u00dfland sowie die BRD  beteiligt sind. In diesem Rahmen sei die US-Regierung allerdings auch zu  direkten Treffen bereit. &#8211; Diese Tatsache ist allgemein bekannt. Iran  hat solche Aufforderungen mehrmals abgelehnt.<\/p>\n<p>Israelische Regierungspolitiker \u2013 darunter Au\u00dfenminister Avigdor  Lieberman, Vizepremier Mosche Ja\u2019alon und Sprecher des  Verteidigungsministeriums \u2013 versicherten am Sonntag, ihnen sei von einer  amerikanisch-iranischen Gespr\u00e4chsvereinbarung nichts bekannt.<\/p><\/div>\n","protected":false},"excerpt":{"rendered":"<p>US-Regierung dementiert Berichte \u00fcber direkte Gespr\u00e4che mit dem Iran Von Knut Mellenthin\u00a0\u00a0\u00a0\u00a0\u00a0\u00a0\u00a0 jungewelt vom 22.10.12 Eine gemeinsame Milit\u00e4r\u00fcbung der USA und Israels 2009 Foto: AP<\/p>\n","protected":false},"author":2,"featured_media":0,"comment_status":"open","ping_status":"open","sticky":false,"template":"","format":"standard","meta":{"footnotes":""},"categories":[1,13],"tags":[],"class_list":["post-2410","post","type-post","status-publish","format-standard","hentry","category-allgemein","category-iran"],"_links":{"self":[{"href":"https:\/\/www.friedensplattform.at\/index.php?rest_route=\/wp\/v2\/posts\/2410","targetHints":{"allow":["GET"]}}],"collection":[{"href":"https:\/\/www.friedensplattform.at\/index.php?rest_route=\/wp\/v2\/posts"}],"about":[{"href":"https:\/\/www.friedensplattform.at\/index.php?rest_route=\/wp\/v2\/types\/post"}],"author":[{"embeddable":true,"href":"https:\/\/www.friedensplattform.at\/index.php?rest_route=\/wp\/v2\/users\/2"}],"replies":[{"embeddable":true,"href":"https:\/\/www.friedensplattform.at\/index.php?rest_route=%2Fwp%2Fv2%2Fcomments&post=2410"}],"version-history":[{"count":0,"href":"https:\/\/www.friedensplattform.at\/index.php?rest_route=\/wp\/v2\/posts\/2410\/revisions"}],"wp:attachment":[{"href":"https:\/\/www.friedensplattform.at\/index.php?rest_route=%2Fwp%2Fv2%2Fmedia&parent=2410"}],"wp:term":[{"taxonomy":"category","embeddable":true,"href":"https:\/\/www.friedensplattform.at\/index.php?rest_route=%2Fwp%2Fv2%2Fcategories&post=2410"},{"taxonomy":"post_tag","embeddable":true,"href":"https:\/\/www.friedensplattform.at\/index.php?rest_route=%2Fwp%2Fv2%2Ftags&post=2410"}],"curies":[{"name":"wp","href":"https:\/\/api.w.org\/{rel}","templated":true}]}}