{"id":2416,"date":"2012-10-22T16:03:18","date_gmt":"2012-10-22T14:03:18","guid":{"rendered":"http:\/\/www.luxorbis.org\/friedensplattform.at\/?p=2416"},"modified":"2012-10-22T16:03:18","modified_gmt":"2012-10-22T14:03:18","slug":"piraterie-vor-gaza","status":"publish","type":"post","link":"https:\/\/www.friedensplattform.at\/?p=2416","title":{"rendered":"Piraterie vor Gaza"},"content":{"rendered":"<address>Von R\u00fcdiger G\u00f6bel<\/address>\n<div>\n<h4>\n<table style=\"height: 193px;\" border=\"0\" width=\"185\" summary=\"Designtabelle\">\n<tbody>\n<tr>\n<td><img loading=\"lazy\" decoding=\"async\" id=\"img40848\" class=\"alignright\" src=\"http:\/\/www.jungewelt.de\/serveImage.php?id=40848&amp;ext=.jpg\" alt=\"Die israelische Blockade ist Unrecht: Noam Chomsky (r.) am Samst\" width=\"180\" height=\"131\" \/><\/p>\n<h3>Die israelische Blockade ist Unrecht: Noam Chomsky (r.) am Samstag im Hafen von Gaza<\/h3>\n<div>Foto: AP<\/div>\n<div><!--more--><\/div>\n<\/td>\n<\/tr>\n<\/tbody>\n<\/table>\n<\/h4>\n<\/div>\n<div>Seit 2007 leiden die gut eineinhalb Millionen Pal\u00e4stinenser im  Gazastreifen unter der Abriegelung. Immer wieder versuchen Aktivisten,  die von Israel verh\u00e4ngte Seeblockade zu durchbrechen \u2013 bislang  vergeblich. So auch am Wochenende. Die israelische Marine stoppte am  Samstag die unter finnischer Flagge fahrende \u00bbEstelle\u00ab rund 50 Kilometer  vor der K\u00fcste des Gazastreifens. Vermummte und bewaffnete Soldaten  enterten das mit Hilfsg\u00fctern beladene Schiff, kappten die Kommunikation  und verschleppten es in den Hafen von Aschdod. Die rund 30 Aktivisten an  Bord leisteten keinen Widerstand. Eine Sprecherin der Kampagne \u00bbShip to  Gaza\u00ab in Schweden sprach gegen\u00fcber der Nachrichtenagentur AP von einer  \u00bbDemonstration der Skrupellosigkeit\u00ab.<\/p>\n<p>Die im Gazastreifen regierende Hamas rief dazu auf, neue Versuche des  Blockadebruchs zu unternehmen und verurteilte die israelische  Kommandoaktion. Hamas-Sprecher Sami Abu Suhri erkl\u00e4rte: \u00bbDer Angriff der  Besatzungsmacht auf die \u203aEstelle\u2039 und die Verschleppung der Aktivisten  an Bord ist ein Akt der Piraterie und ein Verbrechen gegen die  Menschlichkeit.\u00ab Der israelische Regierungschef Benjamin Netanjahu  dagegen lobte das Milit\u00e4r und attackierte die propal\u00e4stinensischen  Aktivisten, wenn diesen \u00bbwirklich die Menschenrechte wichtig w\u00e4ren,  w\u00e4ren sie nach Syrien gesegelt\u00ab, so Netanjahu. In Gaza gebe es  schlie\u00dflich \u00bbkeine humanit\u00e4re Krise\u00ab. Zur Erinnerung: Mittlerweile sind  mehr als 80 Prozent der 1,6 Millionen Bewohner des Gazastreifens auf  internationale Hilfen vor allem der UNO angewiesen.<\/p>\n<p>Der Dreimaster \u00bbEstelle\u00ab hatte Baumaterial, Spielzeug und  Musikinstrumente geladen. An Bord waren auch Abgeordnete aus Norwegen,  Schweden, Griechenland und Spanien sowie israelische Aktivisten,  darunter der fr\u00fchere Kampfpilot der israelischen Luftwaffe, Yonathan  Shapira, der sich geweigert hatte, pal\u00e4stinensische St\u00e4dte zu  bombardieren. Die israelische Friedensgruppe \u00bbGush Shalom\u00ab nannte die  St\u00fcrmung des Schiffes \u00bbeinen dummen Akt der Gewalt, der die Besatzung  auf internationale Gew\u00e4sser im Mittelmeer ausdehnt\u00ab.<\/p>\n<p>Der bekannte Linguist und US-Philosoph Noam Chomsky beteiligte sich am  Samstag im Hafen von Gaza an einer Solidarit\u00e4tsveranstaltung mit den  Menschen an Bord der \u00bb\u00adEstelle\u00ab. \u00bbDas Abfangen des Schiffes zeigt, da\u00df  die israelischen Besatzer die Blockade des Gazastreifens  aufrechterhalten und die Ungerechtigkeiten gegen\u00fcber dem  pal\u00e4stinensischen Volk fortsetzen wollen\u00ab, sagte Chomsky. Der 83j\u00e4hrige  ist einer der prominentesten Kritiker der US-Au\u00dfenpolitik und der  israelischen Regierung. 2010 war ihm die Einreise nach Israel verboten  worden.<\/p>\n<p>Konsequenzen braucht Tel Aviv nicht zu f\u00fcrchten. Im Gegenteil. In dieser  Woche wird im Europaparlament die Ausweitung des Assoziierungsabkommens  der EU mit Is\u00adrael diskutiert. Selbstbewu\u00dft kann die israelische  F\u00fchrung selbst zarte Kritik der Europ\u00e4ischen Union an der illegalen  Siedlungspolitik in den besetzten pal\u00e4stinensischen Gebieten  zur\u00fcckweisen. Entsprechende \u00c4u\u00dferungen der EU-Au\u00dfenbeauftragten  Catherine Ashton zeugten von einem grundlegenden Mangel an Kenntnissen  der Region, erkl\u00e4rte Au\u00dfenminister Awigdor Lieberman am Samstag. Ashton  hatte am Freitag ihr \u00bbBedauern\u00ab \u00fcber die Pl\u00e4ne zum Ausbau der Siedlung  Gilo im Westjordanland ge\u00e4u\u00dfert. Die Siedlungen verstie\u00dfen gegen das  V\u00f6lkerrecht und verhinderten eine Friedensl\u00f6sung zwischen Israel und den  Pal\u00e4stinensern, so Ashton.<\/p><\/div>\n<div>Quelle: jungewelt vom 22.10.12<\/div>\n","protected":false},"excerpt":{"rendered":"<p>Von R\u00fcdiger G\u00f6bel Die israelische Blockade ist Unrecht: Noam Chomsky (r.) am Samstag im Hafen von Gaza Foto: AP<\/p>\n","protected":false},"author":2,"featured_media":0,"comment_status":"open","ping_status":"open","sticky":false,"template":"","format":"standard","meta":{"footnotes":""},"categories":[1,18],"tags":[],"class_list":["post-2416","post","type-post","status-publish","format-standard","hentry","category-allgemein","category-palaestina-solidaritaet"],"_links":{"self":[{"href":"https:\/\/www.friedensplattform.at\/index.php?rest_route=\/wp\/v2\/posts\/2416","targetHints":{"allow":["GET"]}}],"collection":[{"href":"https:\/\/www.friedensplattform.at\/index.php?rest_route=\/wp\/v2\/posts"}],"about":[{"href":"https:\/\/www.friedensplattform.at\/index.php?rest_route=\/wp\/v2\/types\/post"}],"author":[{"embeddable":true,"href":"https:\/\/www.friedensplattform.at\/index.php?rest_route=\/wp\/v2\/users\/2"}],"replies":[{"embeddable":true,"href":"https:\/\/www.friedensplattform.at\/index.php?rest_route=%2Fwp%2Fv2%2Fcomments&post=2416"}],"version-history":[{"count":0,"href":"https:\/\/www.friedensplattform.at\/index.php?rest_route=\/wp\/v2\/posts\/2416\/revisions"}],"wp:attachment":[{"href":"https:\/\/www.friedensplattform.at\/index.php?rest_route=%2Fwp%2Fv2%2Fmedia&parent=2416"}],"wp:term":[{"taxonomy":"category","embeddable":true,"href":"https:\/\/www.friedensplattform.at\/index.php?rest_route=%2Fwp%2Fv2%2Fcategories&post=2416"},{"taxonomy":"post_tag","embeddable":true,"href":"https:\/\/www.friedensplattform.at\/index.php?rest_route=%2Fwp%2Fv2%2Ftags&post=2416"}],"curies":[{"name":"wp","href":"https:\/\/api.w.org\/{rel}","templated":true}]}}