{"id":242,"date":"2007-11-18T15:07:55","date_gmt":"2007-11-18T13:07:55","guid":{"rendered":"http:\/\/www.luxorbis.org\/friedensplattform.at\/?p=242"},"modified":"2007-11-18T15:07:55","modified_gmt":"2007-11-18T13:07:55","slug":"protokoll-kampagne-eu-reformvertrag","status":"publish","type":"post","link":"https:\/\/www.friedensplattform.at\/?p=242","title":{"rendered":"Protokoll Kampagne EU-Reformvertrag"},"content":{"rendered":"<p><font face=\"sans-serif\" size=\"2\">Liebe    FreundInnen,<\/font><\/p>\n<p><font face=\"sans-serif\" size=\"2\"><strong>Protokoll des Koordinationstreffens der Plattform    Volxabstimmung am 8. Nov. 2007<\/strong>, Wien, Amerlinghaus<br \/>\nFalls jemandem    etwas Wichtiges abgeht, bitte reklamieren.<br \/>\n<\/font><!--more--><br \/>\n<font face=\"sans-serif\" size=\"2\">Anwesend: Roman,    Michael, Svanlind, Franz Stefan, Norbert, Klaus, Dietmar, Stefan, Renate, Cornelia, David, Bernhard, Erwin, Erwin, Georg, Martin, Josef, Ines, Tassilo, Hans, Hermann, Inge, Hubert, Gerald,    Elke, Karl-Heinz, Boris (und noch einige, die    sich offensichtlich nicht auf der Liste eingetragen haben)<\/font><\/p>\n<p><font face=\"sans-serif\" size=\"2\"><strong>1.    Unterschriftensammlung:<\/strong> Die bereits begonnene    Online-Unterschriftensammlung (www.volxabstimmung.at) wird &#8211; auch auf Papier &#8211;    fortgesetzt. Unterschrieben wird die Forderung nach Volxabstimmung in    \u00d6sterreich. Der Begr\u00fcndungszusammenhang kann von den unterst\u00fctzenden Personen,    Initiativen und Organisationen nach den jeweiligen Positionen gestaltet    werden. Die Unterst\u00fctzerInnen grenzen sich (wie bereits auf der web.page)    gegen ausl\u00e4nderfeindliche und nationalistische Instrumentalisierungen ab.<\/font><\/p>\n<p><font face=\"sans-serif\" size=\"2\"><strong>2. Gemeinsames Flugblatt, Logo:<\/strong> Hermann Dworczak, Erwin Leitner    und Boris Lechthaler erarbeiten ein gemeinsames Flugblatt. Auf der    Grundlage des Logos wird Andreas Fuchs (Stmk) einen Logovorschlag erarbeiten.<br \/>\n<strong><br \/>\n3. Aktionen vor und am 13. Dezember<\/strong> (Gipfel in Lissabon):<br \/>\nAm <strong>Samstag, 8. Dezember 2007<\/strong> wird an    m\u00f6glichst vielen Orten die Forderung nach Volxabstimmung sichtbar gemacht. (Transparente,    Tafeln, Buchstabengruppen, Infost\u00e4nde, Verteilungen,  Unterschriftensammlung    auf Banner, etc. ) begleitend dazu wird Pressearbeit gemacht, die Aktionen sollen     auf www.volxabstimmung.at dokumentiert werden<br \/>\nUnmittelbar <strong>vor dem 13. Dez<\/strong>. soll an einem geeigneten Ort     (Flughafen beim Abflug der Reg.delegation, Parlament,) die Forderung nochmals    mediengerecht sichtbar gemacht werden. Pressekonferenz: Erwin Leitner, Leo Gabriel, Franz Stefan Parteder, Klaus    Sambor und Boris Lechthaler bereiten eine Pressekonferenz z. 13. Dez. vor.<\/font><\/p>\n<p><font face=\"sans-serif\" size=\"2\"><strong>4. Aktionen im Fr\u00fchjahr und    Konferenz:<\/strong> Die Ratifikation des EU-Reformvertrages wird voraussichtlich    bis April\/Mai 2008 im Parlament durchgef\u00fchrt werden. Es gab eine Reihe sehr fruchtbarer    Vorschl\u00e4ge zur Mobilisierung, die jedoch noch nicht definitiv fixiert werden    konnten.<br \/>\nAm 26.    J\u00e4nner 2008 findet ein internationaler Aktionstag gegen Krieg und    Neoliberalismus statt. Es blieb offen, ob an diesem Tag bereits ein erster Mobilisierungsh\u00f6hepunkt angestrebt wird, ob dezentrale Aktionen durchgef\u00fchrt    werden oder ob wir an diesem Tag zur einer bundesweiten Konferenz einladen. Diese Fragen    sollten in den n\u00e4chsten Wochen diskutiert werden, damit sie beim n\u00e4chsten    Treffen (6. Dez.) entschieden werden k\u00f6nnen.<br \/>\n<em><br \/>\nAnmerkung Boris Lechthaler: Es erscheint mir    schl\u00fcssig, da\u00df der H\u00f6hepunkt unserer Mobilisierung f\u00fcr eine Volxabstimmung    m\u00f6glichst nahe an den Ratifikationstermin    gelegt werden soll. Vorher mu\u00df in die Breite &#8211; \u00d6ffentlichkeit, Medien,    Politik, siehe Wortmeldung Dietmar K\u00f6hler &#8211;  und in die Tiefe (Information, Eigenkompetenz) gearbeitet werden.    <\/em><br \/>\n<\/font><\/p>\n<p><font face=\"sans-serif\" size=\"2\">Als    Aktionsformen wurden <strong>Menschenkette <\/strong>um des Parlament und    <strong>Gro\u00dfdemonstration <\/strong>genannt.<\/font><\/p>\n<p><font face=\"sans-serif\" size=\"2\">Eine <strong>bundesweite Konferenz<\/strong>    Anfang des Jahres 2008 wird vorbereitet. Der Termin mu\u00df noch gekl\u00e4rt werden.    Wichtig ist, da\u00df m\u00f6glichst viele Menschen aus ganz \u00d6sterreich in die    Konferenz einbezogen werden. Geschichte und Inhalte des EU-Reformvertrags,    warum eine Volxabstimmung notwendig ist und von uns gefordert    wird?, was wir zur Durchsetzung einer Volxabstimmung beitragen k\u00f6nnen?, diese    Fragen k\u00f6nnten bei dieser Konferenz diskutiert werden.     Vorgeschlagen wurde auch Tobias Pfl\u00fcger und Susan George einzuladen.<\/font><\/p>\n<p><font face=\"sans-serif\" size=\"2\"><strong>5. Volksbegehren:<\/strong> Berichtet wurde von Pl\u00e4nen, mitunter ein    Volksbegehren zur Duchsetzung einer Volksabstimmung einzuleiten. Vielfach    wurde Unterst\u00fctzung  ausgesprochen. Als konkreter organisatorischer    Tr\u00e4ger f\u00fcr ein Volksbegehren, erscheint die Plattform Volxabstimmung derzeit    nicht geeignet.<\/font><\/p>\n<p><font face=\"sans-serif\" size=\"2\"><strong>6. Weitere Aktionen, Veranstaltungen, Ideen:    <\/strong><\/font><\/p>\n<p><font face=\"sans-serif\" size=\"2\">Vortragsreise mit Andreas Wehr 30.11.2007-2.12.2007,    Wien-Linz-Amstetten<br \/>\nSeminare, Workshops?<br \/>\n17. Nov., Kundgebung in Graz<br \/>\n15. Dezember 2007, Wien, bundesweite Konferenz kritischer    GewerkschafterInnen<\/font><\/p>\n<p><font face=\"sans-serif\" size=\"2\">Ausbau der web.page, vervielf\u00e4ltigbare Dokumente    zum Download erarbeiten<br \/>\nPetitionen in Arbeiterkammern<br \/>\nKampagnenzeitung, Stadtblatt (Graz)<br \/>\nLeserbriefe<br \/>\nInitiierung von    Gruppen, Komitees<br \/>\nLokale Abstimmungen in Gemeinden, Stadtteilen, Betrieben<\/font><\/p>\n<p><font face=\"sans-serif\" size=\"2\"><strong>7. N\u00e4chstes Koordinationstreffen:<\/strong> Donnerstag, 6. Dezember 2007,    19.30 Amerlinghaus<\/font><\/p>\n<p><font face=\"sans-serif\" size=\"2\">f. d. Protokoll: Gerald Oberansmayr, Erwin Leitner,    Boris Lechthaler<\/font><\/p>\n","protected":false},"excerpt":{"rendered":"<p>Liebe FreundInnen, Protokoll des Koordinationstreffens der Plattform Volxabstimmung am 8. Nov. 2007, Wien, Amerlinghaus Falls jemandem etwas Wichtiges abgeht, bitte reklamieren.<\/p>\n","protected":false},"author":1,"featured_media":0,"comment_status":"open","ping_status":"open","sticky":false,"template":"","format":"standard","meta":{"footnotes":""},"categories":[11],"tags":[],"class_list":["post-242","post","type-post","status-publish","format-standard","hentry","category-eu-reformvertrag"],"_links":{"self":[{"href":"https:\/\/www.friedensplattform.at\/index.php?rest_route=\/wp\/v2\/posts\/242","targetHints":{"allow":["GET"]}}],"collection":[{"href":"https:\/\/www.friedensplattform.at\/index.php?rest_route=\/wp\/v2\/posts"}],"about":[{"href":"https:\/\/www.friedensplattform.at\/index.php?rest_route=\/wp\/v2\/types\/post"}],"author":[{"embeddable":true,"href":"https:\/\/www.friedensplattform.at\/index.php?rest_route=\/wp\/v2\/users\/1"}],"replies":[{"embeddable":true,"href":"https:\/\/www.friedensplattform.at\/index.php?rest_route=%2Fwp%2Fv2%2Fcomments&post=242"}],"version-history":[{"count":0,"href":"https:\/\/www.friedensplattform.at\/index.php?rest_route=\/wp\/v2\/posts\/242\/revisions"}],"wp:attachment":[{"href":"https:\/\/www.friedensplattform.at\/index.php?rest_route=%2Fwp%2Fv2%2Fmedia&parent=242"}],"wp:term":[{"taxonomy":"category","embeddable":true,"href":"https:\/\/www.friedensplattform.at\/index.php?rest_route=%2Fwp%2Fv2%2Fcategories&post=242"},{"taxonomy":"post_tag","embeddable":true,"href":"https:\/\/www.friedensplattform.at\/index.php?rest_route=%2Fwp%2Fv2%2Ftags&post=242"}],"curies":[{"name":"wp","href":"https:\/\/api.w.org\/{rel}","templated":true}]}}