{"id":2433,"date":"2012-10-22T18:41:16","date_gmt":"2012-10-22T16:41:16","guid":{"rendered":"http:\/\/www.luxorbis.org\/friedensplattform.at\/?p=2433"},"modified":"2012-10-22T18:41:16","modified_gmt":"2012-10-22T16:41:16","slug":"strategie-des-hasses","status":"publish","type":"post","link":"https:\/\/www.friedensplattform.at\/?p=2433","title":{"rendered":"Strategie des Hasses"},"content":{"rendered":"<p>Nach dem Tod des Chefs vom Inlandsgeheimdienst im Libanon,   Brigadegeneral Wissam Al-Hassan, sch\u00fcren Politiker im Zedernstaat Ha\u00df   auf Syrien und die libanesische Hisbollah. <!--more--><\/p>\n<h2>Syrien wird der Urheberschaft des t\u00f6dlichen Anschlags im Libanon beschuldigt<\/h2>\n<address>Von Karin Leukefeld, Damaskus<\/address>\n<div>\n<table border=\"0\" width=\"50\" summary=\"Designtabelle\">\n<tbody>\n<tr>\n<td><a> <img decoding=\"async\" id=\"img40854\" src=\"http:\/\/www.jungewelt.de\/serveImage.php?id=40854&amp;ext=.jpg\" alt=\"Tausende Libanesen gaben dem get\u00f6teten Geheimdienstchef am \" \/> <\/a><\/p>\n<div>Tausende Libanesen gaben dem get\u00f6teten Geheimdienstchef am Sonntag in Beirut das letzte Geleit<\/div>\n<div>Foto: Reuters<\/div>\n<\/td>\n<\/tr>\n<\/tbody>\n<\/table>\n<\/div>\n<p>Al-Hassan war bei einem  Bombenanschlag in Aschrafiyeh am Freitag mittag get\u00f6tet worden, mit ihm  starben sieben weitere Personen. Mehr als 100 Menschen wurden zum Teil  schwer verletzt. Das Attentat ereignete sich in einer schmalen  Wohnstra\u00dfe des Viertels im Osten Beiruts.<\/p>\n<p>Nachdem der Tod des hochrangigen Geheimdienstlers bekannt geworden war,  spekulierten Politiker und Kommentatoren in arabischen  Nachrichtensendern \u00fcber die Urheberschaft des Anschlags. Mehrheitlich  wiesen sie dabei auf den syrischen Pr\u00e4sidenten Baschar Al-Assad und die  libanesische Hisbollah. Die syrische F\u00fchrung habe Al-Hassan auf der  Todesliste gehabt, weil er f\u00fcr die Verhaftung des Damaskus freundlich  gegen\u00fcberstehenden ehemaligen Ministers Michel Samaha im August  verantwortlich war. Angeblich soll Samaha Sprengstoff aus Syrien in den  Libanon geschmuggelt haben, um Unfrieden zu stiften, so die Anklage.<\/p>\n<p>Der 1965 im nordlibanesischen Tripoli geborene Al-Hassan wird vom  ehemaligen Sprecher der UN-Beobachtermission im s\u00fcdlichen Libanon  (UNIFIL), Timor G\u00f6ksel, als \u00bb100prozentiger\u00ab Hariri-Mann beschrieben.  Als aufstrebender Geheimdienstler war Al-Hassan f\u00fcr die Sicherheit des  ehemaligen libanesischen Ministerpr\u00e4sidenten Rafik Hariri zust\u00e4ndig, der  2005 bei einem Anschlag get\u00f6tet wurde. Kurzzeitig wurde Al-Hassan von  den danach eingesetzten UN-Ermittlern verd\u00e4chtigt, selber in den  Anschlag verwickelt gewesen zu sein, da sich sein Alibi als  unglaubw\u00fcrdig erwies. Die Ermittlungen in diese Richtungen wurden nicht  weiter verfolgt. Unter Ministerpr\u00e4sident Saad Hariri, dem Sohn von Rafik  Hariri, baute Al-Hassan den Inlandsgeheimdienst im Libanon auf, dabei  arbeitete er eng mit westlichen Geheimdiensten zusammen.<\/p>\n<p>Hariri, der sich meist in Paris oder Riad aufh\u00e4lt, machte Pr\u00e4sident  Assad pers\u00f6nlich f\u00fcr die Tat verantwortlich und rief zu einem  landesweiten \u00bbTag des Zorns\u00ab auf. \u00c4hnlich \u00e4u\u00dferte sich auch Drusenf\u00fchrer  Walid Dschumblat. Bisher hat keine Gruppe die Verantwortung f\u00fcr den  Anschlag \u00fcbernommen. Der syrische Informationsminister Oumram Al-Zoubi  verurteilte den Anschlag scharf. Hisbollahf\u00fchrer Hassan Nasrallah  forderte eine umfassende Aufkl\u00e4rung und mahnte die Libanesen zur  Geschlossenheit.<\/p>\n<p>Anh\u00e4nger der Bewegung des 14. M\u00e4rz, der Zukunftspartei von Saad Hariri  und seinem politischen Lager gingen im ganzen Land auf die Stra\u00dfe und  protestierten gegen Syrien und die Hisbollah. Ministerpr\u00e4sident Najib  Mikati, der die Unterst\u00fctzung der Hisbollah genie\u00dft, bot seinen  R\u00fccktritt an. Pr\u00e4sident Michel Sleiman lehnte das ab.<\/p>\n<p>Nach einer Trauerfeier f\u00fcr die Opfer des t\u00f6dlichen Anschlags in Beirut  ist es in der libanesischen Hauptstadt zu Ausschreitungen gekommen. Mit  Tr\u00e4nengas und Warnsch\u00fcssen versuchten Soldaten am Sonntag, Hunderte  aufgebrachte Demonstranten an der Erst\u00fcrmung des libanesischen  Regierungssitzes zu hindern.<\/p>\n<p><a href=\"http:\/\/\">http:\/\/www.jungewelt.de\/2012\/10-22\/053.php<\/a><\/p>\n","protected":false},"excerpt":{"rendered":"<p>Nach dem Tod des Chefs vom Inlandsgeheimdienst im Libanon, Brigadegeneral Wissam Al-Hassan, sch\u00fcren Politiker im Zedernstaat Ha\u00df auf Syrien und die libanesische Hisbollah.<\/p>\n","protected":false},"author":3,"featured_media":0,"comment_status":"open","ping_status":"open","sticky":false,"template":"","format":"standard","meta":{"footnotes":""},"categories":[5],"tags":[],"class_list":["post-2433","post","type-post","status-publish","format-standard","hentry","category-arabischer-raum"],"_links":{"self":[{"href":"https:\/\/www.friedensplattform.at\/index.php?rest_route=\/wp\/v2\/posts\/2433","targetHints":{"allow":["GET"]}}],"collection":[{"href":"https:\/\/www.friedensplattform.at\/index.php?rest_route=\/wp\/v2\/posts"}],"about":[{"href":"https:\/\/www.friedensplattform.at\/index.php?rest_route=\/wp\/v2\/types\/post"}],"author":[{"embeddable":true,"href":"https:\/\/www.friedensplattform.at\/index.php?rest_route=\/wp\/v2\/users\/3"}],"replies":[{"embeddable":true,"href":"https:\/\/www.friedensplattform.at\/index.php?rest_route=%2Fwp%2Fv2%2Fcomments&post=2433"}],"version-history":[{"count":0,"href":"https:\/\/www.friedensplattform.at\/index.php?rest_route=\/wp\/v2\/posts\/2433\/revisions"}],"wp:attachment":[{"href":"https:\/\/www.friedensplattform.at\/index.php?rest_route=%2Fwp%2Fv2%2Fmedia&parent=2433"}],"wp:term":[{"taxonomy":"category","embeddable":true,"href":"https:\/\/www.friedensplattform.at\/index.php?rest_route=%2Fwp%2Fv2%2Fcategories&post=2433"},{"taxonomy":"post_tag","embeddable":true,"href":"https:\/\/www.friedensplattform.at\/index.php?rest_route=%2Fwp%2Fv2%2Ftags&post=2433"}],"curies":[{"name":"wp","href":"https:\/\/api.w.org\/{rel}","templated":true}]}}