{"id":244,"date":"2007-11-22T00:44:17","date_gmt":"2007-11-21T22:44:17","guid":{"rendered":"http:\/\/www.luxorbis.org\/friedensplattform.at\/?p=244"},"modified":"2007-11-22T00:44:17","modified_gmt":"2007-11-21T22:44:17","slug":"asf-vorbereitungstreffen-am-1122007-in-graz","status":"publish","type":"post","link":"https:\/\/www.friedensplattform.at\/?p=244","title":{"rendered":"ASF Vorbereitungstreffen am 1.12.2007 in Graz"},"content":{"rendered":"<p style=\"margin-bottom: 0.42cm\"><font face=\"Courier New, monospace\"><font color=\"#000000\"><strong>Einladung zum gesamt\u00f6sterreichischen Vorbereitungstreffen f\u00fcr das n\u00e4chste Sozialforum<\/strong><br \/>\n<\/font><\/font><br \/>\n<font color=\"#000000\"><strong><font size=\"4\">am Samstag, den 1. Dezember 2007 von 11 bis 16 Uhr<\/font><\/strong><br \/>\n<\/font><br \/>\n<font color=\"#000000\">in der Gr\u00fcnen Akademie in Graz,<br \/>\n<font size=\"2\"><font face=\"Verdana, sans-serif\">Paulustorgasse 3\/1<br \/>\n8010 Graz<\/font><\/font><\/font><\/p>\n<p style=\"margin-bottom: 0.42cm\"><!--more--><\/p>\n<p style=\"margin-bottom: 0.42cm\">Anreise zur Gr\u00fcnen Akademie:<br \/>\nMit der Bahn:<br \/>\nVom Grazer Hauptbahnhof mit der Stra\u00dfenbahn (Linie 1, 3, 6 oder 7) bis zum Grazer Hauptplatz<br \/>\nDort dann die Sporgasse bis zum Karmeliterplatz \/ zur Paulustorgasse hinaufgehen.<br \/>\nMit dem Auto:<br \/>\nBis Graz Zentrum fahren. Am Besten in der Paulustorgasse parken, sofern dort Parkpl\u00e4tze frei sind<br \/>\n\u2013 BLAUE ZONE! beachten &#8211; sonst in der Karmelitertiefgarage oder im Umfeld des Stadtparks<br \/>\nParkplatz suchen.<\/p>\n<p style=\"margin-bottom: 0.42cm\"><font color=\"#000000\"><big>Liebe Freundinnen und Freunde des Austrian Social Forum,<\/big><\/font><\/p>\n<p><font color=\"#000000\"><u><strong>Vorschlag f\u00fcr die Tagesordnung:<\/strong><\/u><\/font><\/p>\n<p style=\"margin-bottom: 0.42cm\"><font color=\"#000000\">11 Uhr bis 13 Uhr<\/font><\/p>\n<ul>\n<li>\n<p style=\"margin-top: 0.49cm; margin-bottom: 0cm\"><font color=\"#000000\">Begr\u00fc\u00dfung : <\/font><\/p>\n<\/li>\n<li>\n<p style=\"margin-bottom: 0cm\"><font color=\"#000000\"><strong>Diskussion der Sozialen Bewegungen<\/strong><\/font><\/p>\n<\/li>\n<li>\n<p style=\"margin-bottom: 0cm\"><font color=\"#000000\">Inhaltliche Diskussion \u00fcber Asyl- und Migrationspolitik ;<\/font><\/p>\n<\/li>\n<li>\n<p style=\"margin-bottom: 0cm\"><font color=\"#000000\">Infos zu Streikbewegung in Frankreich und Deutschland<\/font><\/p>\n<\/li>\n<li>\n<p style=\"margin-bottom: 0cm\"><font color=\"#000000\">Kampagne f\u00fcr ein Volksbegehren zum EU-Reformvertrag<\/font><\/p>\n<\/li>\n<\/ul>\n<p style=\"margin-top: 0.49cm; margin-bottom: 0.49cm\"><font color=\"#000000\">13Uhr bis 14 Uhr Mittagspause<\/font><\/p>\n<ul>\n<li value=\"1\">\n<p style=\"margin-top: 0.49cm; margin-bottom: 0.49cm\"><font color=\"#000000\">( davon zwischen 13Uhr30 und 14 Uhr Kundgebung am Hauptplatz mit 6-7 Ansprachen ( Wien, Linz, Graz, Salzburg \u2026) zum EU-Reformvertrag)<\/font><\/p>\n<\/li>\n<\/ul>\n<p style=\"margin-top: 0.49cm; margin-bottom: 0.49cm\"><font color=\"#000000\">14 bis 16 Uhr<\/font><\/p>\n<ul>\n<li value=\"1\">\n<p style=\"margin-top: 0.49cm; margin-bottom: 0cm\"><font color=\"#000000\"><strong>Wie geht es im ASF Prozess weiter<\/strong>? Wann und wo kann das n\u00e4chste Sozialforum stattfinden? Wie soll ein gesamt\u00f6sterr. Finanzierungsplan und das Verh\u00e4ltnis zwischen der organisierenden Gruppe vor Ort und der gesamt\u00f6sterr. Vorbereitungsgruppe aussehen?<\/font><\/p>\n<\/li>\n<li>\n<p style=\"margin-bottom: 0cm\"><font color=\"#000000\">Allf\u00e4lliges; ESF \u2026.<\/font><\/p>\n<\/li>\n<li>\n<p style=\"margin-bottom: 0.49cm\"><font color=\"#000000\">N\u00e4chstes gesamt\u00f6sterr. Treffen<\/font><\/p>\n<\/li>\n<\/ul>\n<p><font color=\"#000000\">Mit solidarischen Gr\u00fc\u00dfen<\/font><\/p>\n<p style=\"margin-top: 0.49cm; margin-bottom: 0.49cm\"><font color=\"#000000\">Markus, Johann<\/font><\/p>\n<p style=\"margin-bottom: 0cm\"><font color=\"#000000\">Im Anhang findet ihr das Protokoll vom letzten Vorbereitungstreffen:<\/font><\/p>\n<hr size=\"2\" width=\"100%\" \/><strong>ASF \u2013 Vorbereitungstreffen<\/strong> (in Amstetten) Sa. 6.10. 2007<br \/>\n<u><\/u><u>TeilnehmerInnen:<\/u> Heidi, Claudia, Birge, Veronika, Ulrike, Johann, Markus, Winfried, Peter, Leo, Walter, Michael, Herbert, Ante, Franz, Hubert, Max, Hermann<\/p>\n<p style=\"margin-bottom: 0cm\"><u>Ort<\/u>: Brauhof bzw. Pfarrhaus, Amstetten<\/p>\n<p style=\"margin-bottom: 0cm\"><u>Termin<\/u>: 06.10.2007, 11:00 \u2013 17:00 Uhr<\/p>\n<p style=\"margin-bottom: 0cm\"><u><strong>1. Einleitung durch Leo, dann Bericht aus Amstetten:<\/strong><\/u><\/p>\n<p>Im Jahr 2008 wird in Amstetten definitiv kein Sozialforum stattfinden. Die Gr\u00fcnde f\u00fcr die Entscheidung sind vor allem folgende:<br \/>\nEin von den Amstettnern \u00fcbermittelter Fragenkatalog konnte nicht ausreichend beantwortet werden, wodurch f\u00fcr die Amstettner folgende Dinge nicht gekl\u00e4rt werden konnten: Wie sieht die Struktur des ASF aus und wie sind die Kompetenzen zwischen dem Bundesgremium und der lokalen Gruppe verteilt. Wer ist Ansprechpartner der bundesweiten Gruppe (Gegen\u00fcber fehlte)?<br \/>\nF\u00fcr die Amstettner erschien es so als ob die Wiener Vorbereitungsgruppe nicht wirklich existent w\u00e4re.<br \/>\nDas ASF sollte von ganz \u00d6sterreich getragen werden, dieses Bild hatten die Amstettner aber nicht.<br \/>\nVon Seiten des \u00d6GB wurde nur ein symbolischer Beitrag in Aussicht gestellt (1.000 \u20ac), mit einer h\u00f6heren finanziellen Unterst\u00fctzung ist nicht zu rechnen.<br \/>\nAttac \u00d6sterreich hat eine Mitarbeit an einem ASF 2008 abgelehnt<br \/>\nEine ASF Vorbereitungsgruppe in Amstetten, mit Personen die die zeitlichen Kapazit\u00e4ten h\u00e4tten das ASF zu organisieren, hat sich nicht herausgebildet. Zwar sind grunds\u00e4tzlich sehr viele Gruppen und auch Personen bereit an einem ASF teilzunehmen und sich auch einzubringen, allerdings fehlt es an Personen die die Ressourcen haben das ASF zu organisieren. Von Seiten der Stadt Amstetten besteht aber weiterhin das Angebot ein ASF in Amstetten sowohl in Form von Infrastruktur, als auch finanziell zu unterst\u00fctzen, aus jetziger Sicht erscheint aber fr\u00fchestens ein ASF im Jahr 2009 m\u00f6glich.<\/p>\n<p style=\"margin-bottom: 0cm\"><u><strong>2. Diskussion:<\/strong><\/u><\/p>\n<p>Winfried hat sich bereit erkl\u00e4rt f\u00fcr das n\u00e4chste ASF 1.000 Euro in Tirol aufzutreiben. Weiters wird er in Tirol f\u00fcr Mobilisierung sorgen und sich auch inhaltlich einbringen.<br \/>\nFranz schl\u00e4gt vor 2008 einen Aktionstag zu veranstalten an dem in z.B. drei St\u00e4dten (Weiz, Amstetten, Innsbruck) Veranstaltungen stattfinden sollen. Themen k\u00f6nnten, regional unterschiedlich, Verkehr, Migration, etc. sein.<br \/>\nJohann schl\u00e4gt vor jetzt einmal in den Bundesl\u00e4ndern Sondierungen vorzunehmen und dann beim n\u00e4chsten Vorbereitungstreffen die weitere Vorgehensweise zu beschlie\u00dfen.<br \/>\nBeim n\u00e4chsten Treffen soll auch eine inhaltliche Diskussion gef\u00fchrt werden. Als Thema wurde Asyl- und Migrationspolitik bzw. Rassismus gew\u00e4hlt. Nach M\u00f6glichkeit sollen MigrantInnen an der Diskussion teilnehmen.<\/p>\n<p style=\"margin-bottom: 0cm\"><u><strong>3. N\u00e4chstes Vorbereitungstreffen:<\/strong><\/u><\/p>\n<p style=\"margin-bottom: 0cm\"><strong>Das n\u00e4chste Vorbereitungstreffen findet am Samstag dem 1. Dezember von 11 Uhr bis 16 Uhr in Graz statt. Der genaue Ort wird rechtzeitig bekannt gegeben.<\/strong><\/p>\n<p>Geplant ist zwei Stunden lang eine inhaltliche Diskussion zum Thema \u201eAsyl- und Migrationspolitik\u201c Eine Stunde Pause. Zwei Stunden \u00fcber: Wie weiter im ASF-Prozess?\u201c<br \/>\nDer Vorschlag eines dezentralen Aktionstags soll bis dahin in den jeweiligen Vorbereitungsgruppen der Bundesl\u00e4nder weiter diskutiert werden.<\/p>\n<p style=\"margin-bottom: 0cm\"><u><strong>4.Gemeinsamer weltweiter Mobilisierungs- und Aktionstag <\/strong><\/u><\/p>\n<p>Leo schl\u00e4gt vor den beiliegenden Aufruf zu einem gemeinsamen weltweiten Mobilisierungs- und Aktionstags am 26. J\u00e4nner 2008 zu unterst\u00fctzen. Weiter meint Hermann dass ein Kontingent aus \u00d6sterreich an diesem Tag bei den Gegenveranstaltungen zum G8 Gipfel in Davos\/Z\u00fcrich teilnehmen sollte.<br \/>\nDa das ASF keine Erkl\u00e4rungen abgibt wird angedacht eine Plattform zu bilden die diesen Aufruf unterst\u00fctzt bzw. einen eigenen Aufruf formuliert. Birge, Walter und Peter erkl\u00e4ren sich bereit einen Entwurf f\u00fcr den Aufruf zu verfassen, welcher dann beim n\u00e4chsten Treffen diskutiert werden soll.<br \/>\nEs wird angestrebt eine m\u00f6glichst breite Beteiligung f\u00fcr diese Aktion zu gewinnen, wobei die Art der Veranstaltung den jeweiligen Unterst\u00fctzern \u00fcberlassen bleiben soll. (Podiumsdiskussionen, kleine Workshops, Vortr\u00e4ge, Demos, etc.)<\/p>\n<p style=\"margin-bottom: 0cm\">&nbsp;<\/p>\n","protected":false},"excerpt":{"rendered":"<p>Einladung zum gesamt\u00f6sterreichischen Vorbereitungstreffen f\u00fcr das n\u00e4chste Sozialforum am Samstag, den 1. Dezember 2007 von 11 bis 16 Uhr in der Gr\u00fcnen Akademie in Graz, Paulustorgasse 3\/1 8010 Graz<\/p>\n","protected":false},"author":1,"featured_media":0,"comment_status":"open","ping_status":"open","sticky":false,"template":"","format":"standard","meta":{"footnotes":""},"categories":[7],"tags":[],"class_list":["post-244","post","type-post","status-publish","format-standard","hentry","category-asf-bewegung"],"_links":{"self":[{"href":"https:\/\/www.friedensplattform.at\/index.php?rest_route=\/wp\/v2\/posts\/244","targetHints":{"allow":["GET"]}}],"collection":[{"href":"https:\/\/www.friedensplattform.at\/index.php?rest_route=\/wp\/v2\/posts"}],"about":[{"href":"https:\/\/www.friedensplattform.at\/index.php?rest_route=\/wp\/v2\/types\/post"}],"author":[{"embeddable":true,"href":"https:\/\/www.friedensplattform.at\/index.php?rest_route=\/wp\/v2\/users\/1"}],"replies":[{"embeddable":true,"href":"https:\/\/www.friedensplattform.at\/index.php?rest_route=%2Fwp%2Fv2%2Fcomments&post=244"}],"version-history":[{"count":0,"href":"https:\/\/www.friedensplattform.at\/index.php?rest_route=\/wp\/v2\/posts\/244\/revisions"}],"wp:attachment":[{"href":"https:\/\/www.friedensplattform.at\/index.php?rest_route=%2Fwp%2Fv2%2Fmedia&parent=244"}],"wp:term":[{"taxonomy":"category","embeddable":true,"href":"https:\/\/www.friedensplattform.at\/index.php?rest_route=%2Fwp%2Fv2%2Fcategories&post=244"},{"taxonomy":"post_tag","embeddable":true,"href":"https:\/\/www.friedensplattform.at\/index.php?rest_route=%2Fwp%2Fv2%2Ftags&post=244"}],"curies":[{"name":"wp","href":"https:\/\/api.w.org\/{rel}","templated":true}]}}