{"id":2448,"date":"2012-10-31T13:06:00","date_gmt":"2012-10-31T11:06:00","guid":{"rendered":"http:\/\/www.luxorbis.org\/friedensplattform.at\/?p=2448"},"modified":"2012-10-31T13:06:00","modified_gmt":"2012-10-31T11:06:00","slug":"algerien-unterordnet-sich-usa","status":"publish","type":"post","link":"https:\/\/www.friedensplattform.at\/?p=2448","title":{"rendered":"Algerien unterordnet sich USA"},"content":{"rendered":"<p><span style=\"font-size: 12pt;\"><span title=\"ALGER - L'Alg\u00e9rie a un r\u00f4le de leader dans la lutte contre le &quot;terrorisme et l'extr\u00e9misme&quot;, et constitue un partenaire &quot;privil\u00e9gi\u00e9&quot; des Etats-Unis dans cette lutte, a soulign\u00e9 mardi \u00e0 Alger l'assistante de la secr\u00e9taire d\">Nach   der Meinung der amerikanischen Diplomatie spielt Algerien eine  f\u00fchrende  Rolle im regionalen und internationalen Kampf gegen den  Terrorismus und  Extremismus. Diesbez\u00fcglich bezeichnet die USA Algerien  als ein  &#8222;privilegierter&#8220; Partner der Vereinigten Staaten von Amerika im  Kampf  gegen den Terrorismus. <\/span><\/span><\/p>\n<p><span style=\"font-size: 12pt;\"><span title=\"ALGER - L'Alg\u00e9rie a un r\u00f4le de leader dans la lutte contre le &quot;terrorisme et l'extr\u00e9misme&quot;, et constitue un partenaire &quot;privil\u00e9gi\u00e9&quot; des Etats-Unis dans cette lutte, a soulign\u00e9 mardi \u00e0 Alger l'assistante de la secr\u00e9taire d\"><!--more--><\/span><\/span><span>Mittwoch, den 31. Oktober 2012 um 09:49 Uhr <\/span> <span> elmilia <\/span><\/p>\n<div>\n<div><span> <a title=\"E-Mail\" href=\"http:\/\/www.algerien-heute.com\/component\/mailto\/?tmpl=component&amp;link=c4b43a28960043983061b3cf7c6f4e0ba4e33fe8\"><img decoding=\"async\" src=\"http:\/\/www.algerien-heute.com\/templates\/cloudbaseuniversity\/images\/emailButton.png\" alt=\"E-Mail\" \/><\/a> <\/span> <span> <a title=\"Drucken\" rel=\"nofollow\" href=\"http:\/\/www.algerien-heute.com\/politik\/849-kuscht-algerien-vor-den-usa-algerien-und-usa-gemeinsam-gegen-den-terrorismus.html?tmpl=component&amp;print=1&amp;layout=default&amp;page=\"><img decoding=\"async\" src=\"http:\/\/www.algerien-heute.com\/templates\/cloudbaseuniversity\/images\/printButton.png\" alt=\"Drucken\" \/><\/a> <\/span> <span> <a title=\"PDF\" rel=\"nofollow\" href=\"http:\/\/www.algerien-heute.com\/politik\/849-kuscht-algerien-vor-den-usa-algerien-und-usa-gemeinsam-gegen-den-terrorismus.pdf\"><img decoding=\"async\" src=\"http:\/\/www.algerien-heute.com\/templates\/cloudbaseuniversity\/images\/pdf_button.png\" alt=\"PDF\" \/><\/a> <\/span><\/div>\n<\/div>\n<p><span style=\"font-size: 12pt;\"><span title=\"ALGER - L'Alg\u00e9rie a un r\u00f4le de leader dans la lutte contre le &quot;terrorisme et l'extr\u00e9misme&quot;, et constitue un partenaire &quot;privil\u00e9gi\u00e9&quot; des Etats-Unis dans cette lutte, a soulign\u00e9 mardi \u00e0 Alger l'assistante de la secr\u00e9taire d\"><a title=\"Algerien USA\" rel=\"lightbox[id_849]\" href=\"http:\/\/www.algerien-heute.com\/images\/Algerien_USA.jpg\"><img loading=\"lazy\" decoding=\"async\" style=\"float: left;\" src=\"http:\/\/www.algerien-heute.com\/cache\/0_225x168_images_Algerien_USA.jpg\" alt=\"Algerien USA\" width=\"225\" height=\"168\" \/><\/a><\/span><\/span><\/p>\n<p><span style=\"font-size: 12pt;\"><span title=\"ALGER - L'Alg\u00e9rie a un r\u00f4le de leader dans la lutte contre le &quot;terrorisme et l'extr\u00e9misme&quot;, et constitue un partenaire &quot;privil\u00e9gi\u00e9&quot; des Etats-Unis dans cette lutte, a soulign\u00e9 mardi \u00e0 Alger l'assistante de la secr\u00e9taire d\">Diese Einsch\u00e4tzung \u00e4u\u00dferte die stellvertretende Staatministerin\u00a0<span style=\"font-size: 12pt;\"><span title=\"'Etat am\u00e9ricaine pour les Affaires du Proche-Orient, Anne Elisabeth Jones.\">f\u00fcr amerikanische Angelegenheiten im Nahen Osten, Frau Anne Elizabeth Jones, <span style=\"font-size: 12pt;\"><span title=\"ALGER - L'Alg\u00e9rie a un r\u00f4le de leader dans la lutte contre le &quot;terrorisme et l'extr\u00e9misme&quot;, et constitue un partenaire &quot;privil\u00e9gi\u00e9&quot; des Etats-Unis dans cette lutte, a soulign\u00e9 mardi \u00e0 Alger l'assistante de la secr\u00e9taire d\">am Dienstag (29.10.) in <\/span><\/span><\/span><\/span>Algier und sagte <\/span>&#8222;Algerien hat eine f\u00fchrende Rolle im Kampf gegen den Terrorismus und Extremismus.&#8220;<\/span><\/p>\n<p><span style=\"font-size: 12pt;\"><span title=\"L'exp\u00e9rience importante dont elle jouit en la mati\u00e8re fait d'elle un partenaire privil\u00e9gi\u00e9 et important des Etats-Unis dans cette lutte au niveau de la r\u00e9gion du Sahel, notamment dans le nord du Mali&quot;, a d\u00e9clar\u00e9 \u00e0 la presse Mme Jones,\">&#8222;Die  wichtigsten Erfahrungen, die Algerien auf diesem Gebiet gemacht hat,  macht es zu einem wichtigen Partner der Vereinigten Staaten im Kampf an  der Sahel-Region, insbesondere im Norden von Mali &#8222;, sagte Frau Jones  der Presse weiter, <\/span><span title=\"\u00e0 l'issue d'un entretien avec le ministre des Affaires \u00e9trang\u00e8res, Mourad Medelci.\">nach einem Treffen mit dem algerischen Au\u00dfenminister Mourad Medelci.<\/span><\/span><\/p>\n<p><span style=\"font-size: 12pt;\"><span title=\"\u00e0 l'issue d'un entretien avec le ministre des Affaires \u00e9trang\u00e8res, Mourad Medelci.\"><span id=\"result_box\" lang=\"de\"><span title=\"La visite de la secr\u00e9taire d'Etat am\u00e9ricaine en Alg\u00e9rie, la deuxi\u00e8me apr\u00e8s celle effectu\u00e9e en f\u00e9vrier dernier, s'inscrit notamment dans le cadre des consultations pour les questions r\u00e9gionales o\u00f9 l'Alg\u00e9rie est per\u00e7ue comme un &quot;acteur incontournable&quot;.\">Der  Besuch der US-Au\u00dfenministerin Hillary Clinton in Algerien, der zweite  nach dem ersten im vergangenen Februar dieses Jahres, ist Teil der engen  Konsultationen zwischen den beiden L\u00e4ndern zu den regionalen Themen,  bei denen Algerien als &#8222;key player&#8220; wahrgenommen wird.<\/span><\/span><\/span><\/span><\/p>\n<p><span id=\"result_box\" style=\"font-size: 12pt;\" lang=\"de\"><span title=\"L'Alg\u00e9rie et les Etats-Unis ont d\u00e9cid\u00e9 de poursuivre les discussions sur la situation au Mali, a d\u00e9clar\u00e9, la veille, Mme Clinton, pr\u00e9cisant que le suivi de ces discussions sera assur\u00e9 par des experts en mode bilat\u00e9ral et dans le cadre de concertations\">Algerien  und die Vereinigten Staaten haben vereinbart, die Gespr\u00e4che \u00fcber die  Situation in Mali weiterhin zu vertiefen, sagte gestern die  amerikanische Au\u00dfenministerin, Frau Hillary Clinton. Diese Gespr\u00e4che  werden von Experten im Rahmen unserer engen Konsultationen bilateral  gef\u00fchrt und den Partnern der Region, der <\/span><span title=\"avec les partenaires de la r\u00e9gion, avec l'Union africaine (UA), la CEDEAO et l'ONU &quot;pour essayer de trouver des solutions&quot;.\">Afrikanischen Union (AU), der ECOWAS und der UN vorgeschlagen, um eine L\u00f6sung f\u00fcr den Mali-Konflikt zu finden, sagte sie weiter.<br \/>\n<\/span><\/span><\/p>\n<p><span style=\"font-size: 12pt;\"><span title=\"Elle a soulign\u00e9 avoir &quot;beaucoup appr\u00e9ci\u00e9 l'analyse du pr\u00e9sident Bouteflika qui est fortement enrichie de sa tr\u00e8s longue exp\u00e9rience de la r\u00e9gion pour faire face \u00e0 la situation tr\u00e8s complexe et aux probl\u00e9matiques tr\u00e8s compliqu\u00e9es dans le nord du Mali, mais aussi pour faire face aux\">Die  Au\u00dfenministerin der USA war mit dem Gespr\u00e4ch mit dem algerischen  Pr\u00e4sidenten Boutflika sehr zufrieden. Sie sagte, dass sie &#8222;die Analyse  des Pr\u00e4sidenten Bouteflika mit seinen langj\u00e4hrigen Erfahrungen in der  Region genossen hat, der auf die Komplexit\u00e4t des Problems und auf die  sehr komplizierten Fragen im Norden Malis, im Zusammenhang mit  Terrorismus und Drogenhandel, hingewiesen hat.&#8220;<\/span><\/span><\/p>\n<p><span id=\"result_box\" style=\"font-size: 12pt;\" lang=\"de\"><span title=\"La lutte contre le terrorisme ainsi que la situation au Sahel et la crise au Mali avaient \u00e9t\u00e9 r\u00e9cemment au c\u0153ur de la rencontre \u00e0 la Maison-Blanche entre le ministre d\u00e9l\u00e9gu\u00e9 charg\u00e9 des Affaires maghr\u00e9bines et africaines, Abdelkader Messahel, et le conseiller du pr\u00e9sident am\u00e9ricain Barack\">Der  Kampf gegen den Terrorismus, die Situation in der Sahel-Region und die  Krise in Mali waren vor kurzem im Fokus des Treffens im Wei\u00dfen Haus  zwischen dem algerischen Minister f\u00fcr den Maghreb und afrikanische  Angelegenheiten, Abdelkader Messahel und dem Sicherheits- und  Terrorismusberater des Pr\u00e4sidenten Barack <\/span><span title=\"Obama pour la s\u00e9curit\u00e9 nationale et la lutte contre le terrorisme, John Brennan.\">Obama John Brennan gewesen.<br \/>\n<\/span><\/span><\/p>\n<p><span style=\"font-size: 12pt;\" title=\"La prochaine session se tiendra donc en 2013 \u00e0 Alger.\">In  diesem Zusammenhang wurde vereinbart, dass k\u00fcnftig die Sitzungen des  sogenannten &#8222;strategischen Dialogs&#8220; zwischen Algerien und den  Vereinigten Staaten, j\u00e4hrlich und abwechselnd in Washington und Algier  stattfinden sollten.<span title=\"Elle a soulign\u00e9 avoir &quot;beaucoup appr\u00e9ci\u00e9 l'analyse du pr\u00e9sident Bouteflika qui est fortement enrichie de sa tr\u00e8s longue exp\u00e9rience de la r\u00e9gion pour faire face \u00e0 la situation tr\u00e8s complexe et aux probl\u00e9matiques tr\u00e8s compliqu\u00e9es dans le nord du Mali, mais aussi pour faire face aux\"> Demnach findet d<\/span>as n\u00e4chste Treffen dieser Arbeitsgruppe des strategischen Dialogs &#8222;DZ-USA&#8220; im kommenden Jahr 2013 in Algier statt. (Quelle APS)<br \/>\n<\/span><\/p>\n<p><span style=\"font-size: 12pt;\" title=\"La prochaine session se tiendra donc en 2013 \u00e0 Alger.\">Vor  kurzem wurde in vielen Medien bekannt, dass Algerien den Druck der USA  gebeugt und eine milit\u00e4rische Intervention in Mali zugestimmt hat.<\/span><\/p>\n<p><img decoding=\"async\" title=\"Weiterlesen...\" src=\"http:\/\/www.luxorbis.org\/friedensplattform.at\/wp-includes\/js\/tinymce\/plugins\/wordpress\/img\/trans.gif\" alt=\"\" \/><\/p>\n<p><a href=\"http:\/\/\">http:\/\/www.algerien-heute.com\/politik\/849-kuscht-algerien-vor-den-usa-algerien-und-usa-gemeinsam-gegen-den-terrorismus.html<\/a><\/p>\n<p><span style=\"font-size: 12pt;\" title=\"La prochaine session se tiendra donc en 2013 \u00e0 Alger.\"><br \/>\n<\/span><\/p>\n","protected":false},"excerpt":{"rendered":"<p>Nach der Meinung der amerikanischen Diplomatie spielt Algerien eine f\u00fchrende Rolle im regionalen und internationalen Kampf gegen den Terrorismus und Extremismus. Diesbez\u00fcglich bezeichnet die USA Algerien als ein &#8222;privilegierter&#8220; Partner der Vereinigten Staaten von Amerika im Kampf gegen den Terrorismus.<\/p>\n","protected":false},"author":3,"featured_media":0,"comment_status":"open","ping_status":"open","sticky":false,"template":"","format":"standard","meta":{"footnotes":""},"categories":[5],"tags":[],"class_list":["post-2448","post","type-post","status-publish","format-standard","hentry","category-arabischer-raum"],"_links":{"self":[{"href":"https:\/\/www.friedensplattform.at\/index.php?rest_route=\/wp\/v2\/posts\/2448","targetHints":{"allow":["GET"]}}],"collection":[{"href":"https:\/\/www.friedensplattform.at\/index.php?rest_route=\/wp\/v2\/posts"}],"about":[{"href":"https:\/\/www.friedensplattform.at\/index.php?rest_route=\/wp\/v2\/types\/post"}],"author":[{"embeddable":true,"href":"https:\/\/www.friedensplattform.at\/index.php?rest_route=\/wp\/v2\/users\/3"}],"replies":[{"embeddable":true,"href":"https:\/\/www.friedensplattform.at\/index.php?rest_route=%2Fwp%2Fv2%2Fcomments&post=2448"}],"version-history":[{"count":0,"href":"https:\/\/www.friedensplattform.at\/index.php?rest_route=\/wp\/v2\/posts\/2448\/revisions"}],"wp:attachment":[{"href":"https:\/\/www.friedensplattform.at\/index.php?rest_route=%2Fwp%2Fv2%2Fmedia&parent=2448"}],"wp:term":[{"taxonomy":"category","embeddable":true,"href":"https:\/\/www.friedensplattform.at\/index.php?rest_route=%2Fwp%2Fv2%2Fcategories&post=2448"},{"taxonomy":"post_tag","embeddable":true,"href":"https:\/\/www.friedensplattform.at\/index.php?rest_route=%2Fwp%2Fv2%2Ftags&post=2448"}],"curies":[{"name":"wp","href":"https:\/\/api.w.org\/{rel}","templated":true}]}}