{"id":2453,"date":"2012-11-04T10:01:05","date_gmt":"2012-11-04T08:01:05","guid":{"rendered":"http:\/\/www.luxorbis.org\/friedensplattform.at\/?p=2453"},"modified":"2012-11-04T10:01:05","modified_gmt":"2012-11-04T08:01:05","slug":"friedensdorf-in-kolumbien","status":"publish","type":"post","link":"https:\/\/www.friedensplattform.at\/?p=2453","title":{"rendered":"Friedensdorf in Kolumbien"},"content":{"rendered":"<p><span style=\"font-size: medium;\"><span style=\"font-family: Arial;\">Seit  November 2009 unterst\u00fctzt der Internationale Vers\u00f6hnungsbund IVB &#8211; \u00f6sterreichischer Zweig ein  Friedensdorf in Kolumbien durch die Entsendung von Freiwilligen.<!--more--> Durch  diese Begleitung wird mitgeholfen das Leben und die Menschenrechte der  Gemeindemitglieder zu sch\u00fctzen.<\/span><\/span><\/p>\n<p><strong><span style=\"font-size: larger;\"><span style=\"background-color: #ffff00;\"><span style=\"color: #800000;\"><span style=\"text-decoration: underline;\">Solidarit\u00e4tsreise nach San Jos\u00e9: 4.-19. Februar 2012<\/span><\/span><\/span><\/span> &#8211; <\/strong><\/p>\n<h3 style=\"text-align: left;\">Der IVB-\u00d6Z engagiert sich seit Anfang 2006 f\u00fcr die Friedensgemeinde San Jos\u00e9 de Apatad\u00f3 in Kolumbien.<\/h3>\n<h3 style=\"text-align: left;\">* Im Februar 2006 besuchte Irmgard Ehrenberger die Gemeinde zusammen mit einer Delegation des FOR USA.<br \/>\nEinen Bericht dazu gibt es hier<\/h3>\n<h3 style=\"text-align: left;\">* Im Fr\u00fchjahr 2006 enstand die Wanderausstellung &#8222;Hasta la \u00faltima piedra &#8211; bis zum letzten Stein&#8220;,<br \/>\ndie inzwischen u.a. schon in Wien, Krems, Salzburg und St. P\u00f6lten gezeigt wurde.<\/h3>\n<h3 style=\"text-align: left;\">* Seit November 2009 unterst\u00fctzt der IVB &#8211;  \u00f6sterreichischer Zweig die Friedensgemeinde durch die Entsendung einer  Freiwilligen. Ein Erfahrungsbericht: HIER.<\/h3>\n<h3 style=\"text-align: left;\">* Regelm\u00e4\u00dfig wird durch den Rundbrief &#8222;Wege  des Widerstandes&#8220; \u00fcber die derzeitige Situation der Gemeinde informiert.  Letzte Ausgabe WEGE DES WIDERSTANDES.<\/h3>\n<h3 style=\"text-align: left;\">N\u00e4heres zum Projekt finden Sie<span style=\"color: #ff0000;\"> <a href=\"http:\/\/www.versoehnungsbund.at\/index.php?option=com_content&amp;task=view&amp;id=57&amp;Itemid=72\" target=\"_self\">HIER<\/a><\/span><\/h3>\n","protected":false},"excerpt":{"rendered":"<p>Seit November 2009 unterst\u00fctzt der Internationale Vers\u00f6hnungsbund IVB &#8211; \u00f6sterreichischer Zweig ein Friedensdorf in Kolumbien durch die Entsendung von Freiwilligen.<\/p>\n","protected":false},"author":2,"featured_media":0,"comment_status":"open","ping_status":"open","sticky":false,"template":"","format":"standard","meta":{"footnotes":""},"categories":[1,15],"tags":[],"class_list":["post-2453","post","type-post","status-publish","format-standard","hentry","category-allgemein","category-lateinamerika"],"_links":{"self":[{"href":"https:\/\/www.friedensplattform.at\/index.php?rest_route=\/wp\/v2\/posts\/2453","targetHints":{"allow":["GET"]}}],"collection":[{"href":"https:\/\/www.friedensplattform.at\/index.php?rest_route=\/wp\/v2\/posts"}],"about":[{"href":"https:\/\/www.friedensplattform.at\/index.php?rest_route=\/wp\/v2\/types\/post"}],"author":[{"embeddable":true,"href":"https:\/\/www.friedensplattform.at\/index.php?rest_route=\/wp\/v2\/users\/2"}],"replies":[{"embeddable":true,"href":"https:\/\/www.friedensplattform.at\/index.php?rest_route=%2Fwp%2Fv2%2Fcomments&post=2453"}],"version-history":[{"count":0,"href":"https:\/\/www.friedensplattform.at\/index.php?rest_route=\/wp\/v2\/posts\/2453\/revisions"}],"wp:attachment":[{"href":"https:\/\/www.friedensplattform.at\/index.php?rest_route=%2Fwp%2Fv2%2Fmedia&parent=2453"}],"wp:term":[{"taxonomy":"category","embeddable":true,"href":"https:\/\/www.friedensplattform.at\/index.php?rest_route=%2Fwp%2Fv2%2Fcategories&post=2453"},{"taxonomy":"post_tag","embeddable":true,"href":"https:\/\/www.friedensplattform.at\/index.php?rest_route=%2Fwp%2Fv2%2Ftags&post=2453"}],"curies":[{"name":"wp","href":"https:\/\/api.w.org\/{rel}","templated":true}]}}