{"id":2461,"date":"2012-11-04T10:43:56","date_gmt":"2012-11-04T08:43:56","guid":{"rendered":"http:\/\/www.luxorbis.org\/friedensplattform.at\/?p=2461"},"modified":"2012-11-04T10:43:56","modified_gmt":"2012-11-04T08:43:56","slug":"joachim-bauerschmerzgrenze","status":"publish","type":"post","link":"https:\/\/www.friedensplattform.at\/?p=2461","title":{"rendered":"Joachim Bauer:Schmerzgrenze"},"content":{"rendered":"<h2><span>Vom Ursprung allt\u00e4glicher und globaler Gewalt.<\/span><\/h2>\n<h3><strong><strong>Buchtipp !!!<!--more--><\/strong><\/strong><\/h3>\n<h3><span> Karl Blessing Verlag (M\u00fcnchen) 2011. 285 Seiten.<\/span><\/h3>\n<h3><strong><br \/>\n<\/strong>Wer einem Lebewesen Schmerz zuf\u00fcgt, wird Aggression ernten. Doch ebenso  wie auf k\u00f6rperlichen Schmerz reagieren die Schmerzzentren des Gehirns  auf Ausgrenzung und Dem\u00fctigung. Auch wer einen Menschen unfair  behandelt, dem\u00fctigt, ausgrenzt oder missachtet, \u00fcberschreitet seine  Schmerzgrenze. Aggression, so Bauer, ist ebenso ein System, das den  sozialen Zusammenhalt sch\u00fctzen soll.<\/h3>\n","protected":false},"excerpt":{"rendered":"<p>Vom Ursprung allt\u00e4glicher und globaler Gewalt. Buchtipp !!!<\/p>\n","protected":false},"author":2,"featured_media":0,"comment_status":"open","ping_status":"open","sticky":false,"template":"","format":"standard","meta":{"footnotes":""},"categories":[1],"tags":[],"class_list":["post-2461","post","type-post","status-publish","format-standard","hentry","category-allgemein"],"_links":{"self":[{"href":"https:\/\/www.friedensplattform.at\/index.php?rest_route=\/wp\/v2\/posts\/2461","targetHints":{"allow":["GET"]}}],"collection":[{"href":"https:\/\/www.friedensplattform.at\/index.php?rest_route=\/wp\/v2\/posts"}],"about":[{"href":"https:\/\/www.friedensplattform.at\/index.php?rest_route=\/wp\/v2\/types\/post"}],"author":[{"embeddable":true,"href":"https:\/\/www.friedensplattform.at\/index.php?rest_route=\/wp\/v2\/users\/2"}],"replies":[{"embeddable":true,"href":"https:\/\/www.friedensplattform.at\/index.php?rest_route=%2Fwp%2Fv2%2Fcomments&post=2461"}],"version-history":[{"count":0,"href":"https:\/\/www.friedensplattform.at\/index.php?rest_route=\/wp\/v2\/posts\/2461\/revisions"}],"wp:attachment":[{"href":"https:\/\/www.friedensplattform.at\/index.php?rest_route=%2Fwp%2Fv2%2Fmedia&parent=2461"}],"wp:term":[{"taxonomy":"category","embeddable":true,"href":"https:\/\/www.friedensplattform.at\/index.php?rest_route=%2Fwp%2Fv2%2Fcategories&post=2461"},{"taxonomy":"post_tag","embeddable":true,"href":"https:\/\/www.friedensplattform.at\/index.php?rest_route=%2Fwp%2Fv2%2Ftags&post=2461"}],"curies":[{"name":"wp","href":"https:\/\/api.w.org\/{rel}","templated":true}]}}