{"id":2467,"date":"2012-11-08T20:37:48","date_gmt":"2012-11-08T18:37:48","guid":{"rendered":"http:\/\/www.luxorbis.org\/friedensplattform.at\/?p=2467"},"modified":"2012-11-08T20:37:48","modified_gmt":"2012-11-08T18:37:48","slug":"chor-bzw-orchester-fuer-friedensbewegte-menschen-in-graz-im-entstehen","status":"publish","type":"post","link":"https:\/\/www.friedensplattform.at\/?p=2467","title":{"rendered":"Chor bzw. Orchester f&#252;r friedensbewegte Menschen in Graz im Entstehen !!!"},"content":{"rendered":"<p><img loading=\"lazy\" decoding=\"async\" class=\"aligncenter size-medium wp-image-2470\" title=\"Konzert-vor-Haupttor_2ko\" src=\"http:\/\/www.luxorbis.org\/friedensplattform.at\/wp-content\/uploads\/2012\/11\/Konzert-vor-Haupttor_2ko1-300x199.jpg\" alt=\"Konzert-vor-Haupttor_2ko\" width=\"300\" height=\"199\" \/><\/p>\n<h2><strong>Liebe friedensbewegte Menschen,<br \/>\n<\/strong><\/h2>\n<h2><strong> <a href=\"http:\/\/www.youtube.com\/watch?v=Izujovl8m5o\" target=\"_blank\">hier geht es zum Video<\/a><!--more--><\/strong><\/h2>\n<h3>Klassische Musik ..die geh\u00f6rt den gebildeten B\u00fcrgern..in Kirchen    und Konzerts\u00e4le,,sie wurde urspr\u00fcnglich f\u00fcr adlige Auftraggeber komponiert..<\/h3>\n<h3>Das sind die g\u00e4ngigsten Bedenken und Vorbehalte gegen sie.<\/h3>\n<h3>Sie kann aber auch ganz sch\u00f6n aufm\u00fcpfig sein. Viele Komponisten    haben subversiv gearbeitet, zum Beispiel Haydn (formal) Mozart (Texte wurden    zensiert, Figaros Hochzeit musste er neu schreiben,,) H\u00e4ndel (offene    Antikriegserkl\u00e4rung im Oratorium &#8222;Alexanderfest)<\/h3>\n<h3>Im 20 jhd Benjamin    Britten (war requiem) Hanns Eisler und viele weniger bekannte Komponist\/innen.<\/h3>\n<h3>Eigentlich ist jede grosse Musik ein Manifest der Menschlichkeit. des    Humanismus.<\/h3>\n<h3>Es ist also ziemlich schade, wenn wir dieses Erbe nicht    antreten..!<\/h3>\n<h3>Bitte seht Euch diese homepage an und..lasst uns etwas    \u00c4hnliches in Graz beginnen!<\/h3>\n<h3>&lt; www.lebenslaute.net:<\/h3>\n<h3>http:\/\/www.lebenslaute.net &gt;<\/h3>\n<h3>Ich lade alle ChorS\u00e4nger\/innen    und Instrumentalist\/innen ein, sich bei mir zu melden!<\/h3>\n<h3>Realistisch    gesehen werden wir zuerst einen Chor starten, Orchester entwickelt sich    hoffentlich bei steigender Bekanntheit des Chores.<\/h3>\n<h3>Proberaum mit    Klavier: voraussichtlich bei spektral am Lendkai.<\/h3>\n<h3>Probebeginn: wenn    die ersten 20 Personen sich gemeldet haben werden.<\/h3>\n<h3>erste St\u00fccke:    Heinrich Sch\u00fctz, Choral &#8222;Wie nun, ihr Herren, seid ihr stumm&#8220; Janacek: Ach    Krieg, oh Ungl\u00fcck, dass wieder Krieg ist&#8220; Eisler: Friedenskanaon<\/h3>\n<h3>Auf das Singen und Musizieren mit Euch allen freut sich<\/h3>\n<h3>Eva Itzlinger<\/h3>\n<h3>&lt; eva.itzlinger@chorifeen.com:<\/h3>\n<h3>mailto:eva.itzlinger@chorifeen.com &gt;<\/h3>\n","protected":false},"excerpt":{"rendered":"<p>Liebe friedensbewegte Menschen, hier geht es zum Video<\/p>\n","protected":false},"author":2,"featured_media":0,"comment_status":"open","ping_status":"open","sticky":false,"template":"","format":"standard","meta":{"footnotes":""},"categories":[1],"tags":[],"class_list":["post-2467","post","type-post","status-publish","format-standard","hentry","category-allgemein"],"_links":{"self":[{"href":"https:\/\/www.friedensplattform.at\/index.php?rest_route=\/wp\/v2\/posts\/2467","targetHints":{"allow":["GET"]}}],"collection":[{"href":"https:\/\/www.friedensplattform.at\/index.php?rest_route=\/wp\/v2\/posts"}],"about":[{"href":"https:\/\/www.friedensplattform.at\/index.php?rest_route=\/wp\/v2\/types\/post"}],"author":[{"embeddable":true,"href":"https:\/\/www.friedensplattform.at\/index.php?rest_route=\/wp\/v2\/users\/2"}],"replies":[{"embeddable":true,"href":"https:\/\/www.friedensplattform.at\/index.php?rest_route=%2Fwp%2Fv2%2Fcomments&post=2467"}],"version-history":[{"count":0,"href":"https:\/\/www.friedensplattform.at\/index.php?rest_route=\/wp\/v2\/posts\/2467\/revisions"}],"wp:attachment":[{"href":"https:\/\/www.friedensplattform.at\/index.php?rest_route=%2Fwp%2Fv2%2Fmedia&parent=2467"}],"wp:term":[{"taxonomy":"category","embeddable":true,"href":"https:\/\/www.friedensplattform.at\/index.php?rest_route=%2Fwp%2Fv2%2Fcategories&post=2467"},{"taxonomy":"post_tag","embeddable":true,"href":"https:\/\/www.friedensplattform.at\/index.php?rest_route=%2Fwp%2Fv2%2Ftags&post=2467"}],"curies":[{"name":"wp","href":"https:\/\/api.w.org\/{rel}","templated":true}]}}