{"id":250,"date":"2007-12-12T22:01:15","date_gmt":"2007-12-12T20:01:15","guid":{"rendered":"http:\/\/www.luxorbis.org\/friedensplattform.at\/?p=250"},"modified":"2007-12-12T22:01:15","modified_gmt":"2007-12-12T20:01:15","slug":"der-antiterror-krieg-die-grundtorheit-des-21-jahrhunderts","status":"publish","type":"post","link":"https:\/\/www.friedensplattform.at\/?p=250","title":{"rendered":"Der &quot;Antiterror-Krieg&quot; &#8211; die Grundtorheit des 21. Jahrhunderts"},"content":{"rendered":"<p>Von Peter Strutynski *Neuere Analysen der postbipolaren Weltordnung entfernen sich immer mehr von den Verhei\u00dfungen, die seiner Zeit der damalige US-Pr\u00e4sident George Bush (der \u00c4ltere) der staunenden Welt\u00f6ffentlichkeit pr\u00e4sentierte:<\/p>\n<p><!--more--><br \/>\n<em>&#8222;In dieser schwierigen Zeit kann unser f\u00fcnftes Ziel hervorgehen. Eine neue \u00c4ra, freier von Bedrohung durch Terror, st\u00e4rker in der Durchsetzung von Gerechtigkeit und sicherer in der Suche nach Frieden. Eine \u00c4ra, in der die Nationen der Welt im Osten und im Westen, Norden und S\u00fcden prosperieren und in Harmonie leben k\u00f6nnen. 100 Generationen haben nach diesem kaum auffindbaren Weg zum Frieden gesucht. Heute k\u00e4mpft diese neue Welt, um geboren zu werden, eine Welt, die v\u00f6llig verschieden ist von der, die wir kannten, eine Welt, in der die Herrschaft des Gesetzes das Faustrecht ersetzt, eine Welt, in der der Starke die Rechte der Schwachen respektiert.&#8220;<\/em><\/p>\n<p><a href=\"http:\/\/www.uni-kassel.de\/fb5\/frieden\/rat\/2007\/stru.html\" title=\"Uni Kassel\" target=\"_blank\">Weiterlesen auf den Seiten der AG Friedensforschung an der Uni Kassel<\/a><\/p>\n","protected":false},"excerpt":{"rendered":"<p>Von Peter Strutynski *Neuere Analysen der postbipolaren Weltordnung entfernen sich immer mehr von den Verhei\u00dfungen, die seiner Zeit der damalige US-Pr\u00e4sident George Bush (der \u00c4ltere) der staunenden Welt\u00f6ffentlichkeit pr\u00e4sentierte:<\/p>\n","protected":false},"author":1,"featured_media":0,"comment_status":"open","ping_status":"open","sticky":false,"template":"","format":"standard","meta":{"footnotes":""},"categories":[1],"tags":[],"class_list":["post-250","post","type-post","status-publish","format-standard","hentry","category-allgemein"],"_links":{"self":[{"href":"https:\/\/www.friedensplattform.at\/index.php?rest_route=\/wp\/v2\/posts\/250","targetHints":{"allow":["GET"]}}],"collection":[{"href":"https:\/\/www.friedensplattform.at\/index.php?rest_route=\/wp\/v2\/posts"}],"about":[{"href":"https:\/\/www.friedensplattform.at\/index.php?rest_route=\/wp\/v2\/types\/post"}],"author":[{"embeddable":true,"href":"https:\/\/www.friedensplattform.at\/index.php?rest_route=\/wp\/v2\/users\/1"}],"replies":[{"embeddable":true,"href":"https:\/\/www.friedensplattform.at\/index.php?rest_route=%2Fwp%2Fv2%2Fcomments&post=250"}],"version-history":[{"count":0,"href":"https:\/\/www.friedensplattform.at\/index.php?rest_route=\/wp\/v2\/posts\/250\/revisions"}],"wp:attachment":[{"href":"https:\/\/www.friedensplattform.at\/index.php?rest_route=%2Fwp%2Fv2%2Fmedia&parent=250"}],"wp:term":[{"taxonomy":"category","embeddable":true,"href":"https:\/\/www.friedensplattform.at\/index.php?rest_route=%2Fwp%2Fv2%2Fcategories&post=250"},{"taxonomy":"post_tag","embeddable":true,"href":"https:\/\/www.friedensplattform.at\/index.php?rest_route=%2Fwp%2Fv2%2Ftags&post=250"}],"curies":[{"name":"wp","href":"https:\/\/api.w.org\/{rel}","templated":true}]}}