{"id":2514,"date":"2012-11-16T11:25:28","date_gmt":"2012-11-16T09:25:28","guid":{"rendered":"http:\/\/www.luxorbis.org\/friedensplattform.at\/?p=2514"},"modified":"2012-11-16T11:25:28","modified_gmt":"2012-11-16T09:25:28","slug":"eskalation-in-gaza","status":"publish","type":"post","link":"https:\/\/www.friedensplattform.at\/?p=2514","title":{"rendered":"Eskalation in Gaza"},"content":{"rendered":"<div id=\"content\">\n<div>Seit dem 8. November 2012 sind mindestens f\u00fcnf pal\u00e4stinensische   Zivilipersonen get\u00f6tet und \u00fcber 50 weitere verletzt worden. Amnesty   International hat Hinweise darauf, dass zumindest zwei dieser Angriffe   am 8. und 10. November ziellos und daher unter Verletzung des   humanit\u00e4ren V\u00f6lkerrechts durchgef\u00fchrt wurden .<\/div>\n<div><!--more--><\/div>\n<div id=\"parent-fieldname-text-e260acbc263c44cc91ddd44ac489e03d\">\n<p>Mit der T\u00f6tung von Ahmad  al-Ja\u2019abari, dem F\u00fchrer des milit\u00e4rischen Fl\u00fcgels der Hamas, droht in  Gaza und in S\u00fcdisrael eine weitere Eskalation der Gewalt, von der  wiederum die Zivilbev\u00f6lkerung betroffen w\u00e4re.<\/p>\n<p>Die heutige T\u00f6tung von al-Ja\u2019abari in Gaza-Stadt\u00a0 markiert den Beginn  einer neuen israelischen Milit\u00e4roperation unter dem Namen \u201dWolkens\u00e4ule  (Pillar of Cloud)\u201d, die mit weiteren Luftschl\u00e4gen \u00fcber den gesamten  Gazastreifen fortgesetzt wird. Entsprechend h\u00e4ufen sich die Berichte  \u00fcber zivile Opfer.<\/p>\n<p>Seit dem 8. November 2012 sind mindestens f\u00fcnf pal\u00e4stinensische  Zivilipersonen get\u00f6tet und \u00fcber 50 weitere verletzt worden. Amnesty  International hat Hinweise darauf, dass zumindest zwei dieser Angriffe  am 8. und 10. November ziellos und daher unter Verletzung des  humanit\u00e4ren V\u00f6lkerrechts durchgef\u00fchrt wurden .<\/p>\n<h3>Zivile und milit\u00e4rische Ziele unterscheiden<\/h3>\n<p>Das israelische Milit\u00e4r darf keine weiteren Angriffe durchf\u00fchren,  ohne klar zwischen zivilen und milit\u00e4rischen Zielen zu unterscheiden.  Luftangriffe in dicht besiedelten Wohngebieten m\u00fcssen unterlassen  werden.<\/p>\n<h3>Raketenbeschuss S\u00fcdisraels<\/h3>\n<p>Zwischen dem 10. und 13. November feuerten bewaffnete  pal\u00e4stinensische Gruppen mehr als 120 Raketen auf den S\u00fcden Israels ab  und verletzten mindestens 4 israelische Zivilpersonen. Amnesty  International verurteilt\u00a0 auch das Abfeuern dieser Raketen, die nicht  auf ein spezifisches milit\u00e4risches Objekt ausgerichtet sind.<\/p>\n<p>Die internationale Gemeinschaft muss Druck auf beide Seiten aus\u00fcben,  dass diese das humanit\u00e4re V\u00f6lkerrecht und damit den Schutz des Lebens  und Eigentums von Zivilpersonen in vollem Umfang respektieren. Zudem  fordert Amnesty von beiden Konfliktparteien, eine unabh\u00e4ngige  Untersuchung einzuleiten, die allen Vorw\u00fcrfen von Verst\u00f6ssen gegen das  internationale humanit\u00e4re V\u00f6lkerrecht nachgehen.<\/p>\n<p>15. November 2012<\/p>\n<p><a href=\"http:\/\/\">http:\/\/www.amnesty.ch\/de\/laender\/naher-osten-nordafrika\/israel-besetzte-gebiete\/dok\/2012\/eskalation-in-ga<\/a>za<\/div>\n<\/div>\n","protected":false},"excerpt":{"rendered":"<p>Seit dem 8. November 2012 sind mindestens f\u00fcnf pal\u00e4stinensische Zivilipersonen get\u00f6tet und \u00fcber 50 weitere verletzt worden. Amnesty International hat Hinweise darauf, dass zumindest zwei dieser Angriffe am 8. und 10. November ziellos und daher unter Verletzung des humanit\u00e4ren V\u00f6lkerrechts durchgef\u00fchrt wurden .<\/p>\n","protected":false},"author":3,"featured_media":0,"comment_status":"open","ping_status":"open","sticky":false,"template":"","format":"standard","meta":{"footnotes":""},"categories":[5],"tags":[],"class_list":["post-2514","post","type-post","status-publish","format-standard","hentry","category-arabischer-raum"],"_links":{"self":[{"href":"https:\/\/www.friedensplattform.at\/index.php?rest_route=\/wp\/v2\/posts\/2514","targetHints":{"allow":["GET"]}}],"collection":[{"href":"https:\/\/www.friedensplattform.at\/index.php?rest_route=\/wp\/v2\/posts"}],"about":[{"href":"https:\/\/www.friedensplattform.at\/index.php?rest_route=\/wp\/v2\/types\/post"}],"author":[{"embeddable":true,"href":"https:\/\/www.friedensplattform.at\/index.php?rest_route=\/wp\/v2\/users\/3"}],"replies":[{"embeddable":true,"href":"https:\/\/www.friedensplattform.at\/index.php?rest_route=%2Fwp%2Fv2%2Fcomments&post=2514"}],"version-history":[{"count":0,"href":"https:\/\/www.friedensplattform.at\/index.php?rest_route=\/wp\/v2\/posts\/2514\/revisions"}],"wp:attachment":[{"href":"https:\/\/www.friedensplattform.at\/index.php?rest_route=%2Fwp%2Fv2%2Fmedia&parent=2514"}],"wp:term":[{"taxonomy":"category","embeddable":true,"href":"https:\/\/www.friedensplattform.at\/index.php?rest_route=%2Fwp%2Fv2%2Fcategories&post=2514"},{"taxonomy":"post_tag","embeddable":true,"href":"https:\/\/www.friedensplattform.at\/index.php?rest_route=%2Fwp%2Fv2%2Ftags&post=2514"}],"curies":[{"name":"wp","href":"https:\/\/api.w.org\/{rel}","templated":true}]}}