{"id":2516,"date":"2012-11-16T14:00:27","date_gmt":"2012-11-16T12:00:27","guid":{"rendered":"http:\/\/www.luxorbis.org\/friedensplattform.at\/?p=2516"},"modified":"2012-11-16T14:00:27","modified_gmt":"2012-11-16T12:00:27","slug":"pillar-of-cloud-israel-startet-neue-strafexpedition-gegen-gaza","status":"publish","type":"post","link":"https:\/\/www.friedensplattform.at\/?p=2516","title":{"rendered":"&#039;Pillar of Cloud&#039; &#8211; Israel startet neue Strafexpedition gegen Gaza"},"content":{"rendered":"<p><span><\/span><\/p>\n<p><a href=\"http:\/\/www.facebook.com\/ICAI2\" target=\"_blank\"> <img loading=\"lazy\" decoding=\"async\" style=\"border: 0px solid; float: left;\" title=\"Gaza on facebook\" src=\"http:\/\/www.ipk-bonn.de\/pics\/gaza-2012.jpg\" alt=\"Gaza on facebook\" hspace=\"8\" vspace=\"8\" width=\"124\" height=\"124\" \/><\/a> <em>Ein koloniales Regime hat unabl\u00e4ssig mit Aufst\u00e4nden in dem von ihm kontrollierten Reservationen zu k\u00e4mpfen.<br \/>\nUm diesen Aufst\u00e4nden Herr zu werden haben koloniale Regime zu allen Zeiten auf Terror gesetzt. Auf die Anwendung von disproportionaler Gewalt gegen die Zivilbev\u00f6lkerung,  als Mittel der Abschreckung gegen alle, die auch nur daran  zu denken wagen gegen seine Herrschaft aufzubegehren.<br \/>\nIsrael ist ein solches Regime und wiederholt in Gaza nur immer wieder, was auch andere koloniale europ\u00e4ische Regime in den Jahrhunderten zuvor getan haben.<\/em><\/p>\n<p><em><!--more--><br \/>\n<\/em><\/p>\n<p>Am Mittwochnachmittag  <a href=\"http:\/\/www.israelnationalnews.com\/News\/Flash.aspx\/254767#.UKQIMmPPVJJ\" target=\"_blank\">verk\u00fcndete<\/a> der israelische Generalstabschef den Titel des neuesten  israelischen Massakers in Gaza: <strong>&#8218;Pillar of Cloud&#8216;<\/strong>.  W\u00e4hrend die israelische Propaganda den Namen des letzten Massakers  mit \u00fcber 1.000 Toten einem israelischen Kinderlied entlehnt hatte &#8211; &#8218;Cast Lead&#8216; (dt. Bleigiessen) &#8211; griffen die israelischen PR-Spezialisten mit &#8218;Pillar of Cloud&#8216; diesmal zu einem  <a href=\"http:\/\/www.jewishvirtuallibrary.org\/jsource\/judaica\/ejud_0002_0016_0_15772.html\" target=\"_blank\">biblischen  Motiv<\/a>: Als das j\u00fcdische Volk den Sinai durchquerte wurde es von seinem Gott in Form einer Wolkens\u00e4ule besch\u00fctzt. Ob sich Barak und Netanjahu f\u00fcr <a href=\"http:\/\/www.israelnationalnews.com\/News\/News.aspx\/155222#.UKQrH2PPVJI\" target=\"_blank\">G\u00f6tter halten<\/a>?<\/p>\n<p>Den Anfang machte die israelische F\u00fchrung heute mit der <a href=\"http:\/\/tagesschau.de\/ausland\/israel-hamas104.html\" target=\"_blank\">Hinrichtung<\/a> des milit\u00e4rischen F\u00fchrers der HAMAS in Gaza, Ahmad Sa&#8217;id Khalil Jabari, der als Entsprechung von Ehud Barak angesehen werden kann.<\/p>\n<p>Seither bombardiert die israelische Luftwaffe <a href=\"http:\/\/www.facebook.com\/ICAI2\" target=\"_blank\">unabl\u00e4ssig<\/a> Ziele  im milit\u00e4risch ohnm\u00e4chtigen Gazastreifen und hat dabei dutzende  von Pal\u00e4stinensern get\u00f6tet, verst\u00fcmmelt oder schwer verletzt.<\/p>\n<p>Die aktuellsten Berichte \u00fcber das m\u00f6rderische Voranschreiten  dieser Strafexpedition finden Sie auf dieser <a href=\"http:\/\/www.facebook.com\/ICAI2\" target=\"_blank\">facebook-Seite<\/a>.<\/p>\n<p>Die internationalen und nationalen Medien fahren derweil zweigleisig bei der Verbreitung der israelischen Propaganda.  Einerseits wird nach Kr\u00e4ften verharmlost &#8211; die Rede ist von  &#8218;Operationen&#8216; und &#8218;Luftschl\u00e4gen&#8216; &#8211; auf der anderen Seite werden die \u00fcblichen Rechtfertigungen verbreitet: es handele sich um einen Akt der Selbstverteidigung, man befinde sich  im Anti-Terror-Krieg.<br \/>\nDie Verh\u00e4ltnisse in Gaza und ihr Zustandekommen werden wie  gewohnt verschwiegen.<\/p>\n<p>W\u00e4hrend die USA Israels Recht auf Selbstverteidigung <a href=\"http:\/\/www.bbc.co.uk\/news\/world-middle-east-20334575\" target=\"_blank\">betonte<\/a>,  forderten die Briten beide Seiten zur Zur\u00fcckhaltung auf. Die EU-Aussenministerin will erst die Berichte <a href=\"http:\/\/www.kuna.net.kw\/ArticleDetails.aspx?id=2274320&amp;language=en\" target=\"_blank\">abwarten<\/a>.<br \/>\nWelche regionalen Konsequenzen diese kriminelle Aktion &#8211;  wieder im Vorfeld einer Knessetwahl &#8211; in dem durch den  arabischen Fr\u00fchling nicht unersch\u00fctterten Nahen Osten,  haben wird ist nicht absehbar.<\/p>\n<p>Die Arabische Liga will am Samstag zu <a href=\"http:\/\/www.maannews.net\/eng\/ViewDetails.aspx?ID=537567\" target=\"_blank\">Beratungen<\/a> zusammenkommen. Agypten hat derweil seinen Botschafter aus Israel <a href=\"http:\/\/www.spiegel.de\/politik\/ausland\/gaza-konflikt-aegypten-zieht-botschafter-aus-israel-ab-a-867333.html\" target=\"_blank\">abgezogen<\/a>.<\/p>\n<p>(ts)<\/p>\n<p>\u00a9 IPK<\/p>\n<p><a href=\"http:\/\/\">http:\/\/www.ipk-bonn.de\/politik\/news\/2012111400.html<\/a><br \/>\n<span> [14.11.2012] <\/span><\/p>\n<p><span style=\"text-decoration: _underline; font-weight: bold;\">Erg\u00e4nzende Links:<\/span><br \/>\n<a href=\"http:\/\/www.alternativenews.org\/english\/index.php\/news\/news\/5635-israels-second-war-on-gaza-.html\" target=\"_blank\">Israel\u2019s second war on Gaza?<\/a> (aic)<\/p>\n","protected":false},"excerpt":{"rendered":"<p>Ein koloniales Regime hat unabl\u00e4ssig mit Aufst\u00e4nden in dem von ihm kontrollierten Reservationen zu k\u00e4mpfen. Um diesen Aufst\u00e4nden Herr zu werden haben koloniale Regime zu allen Zeiten auf Terror gesetzt. Auf die Anwendung von disproportionaler Gewalt gegen die Zivilbev\u00f6lkerung, als Mittel der Abschreckung gegen alle, die auch nur daran zu denken wagen gegen seine Herrschaft &hellip; <a href=\"https:\/\/www.friedensplattform.at\/?p=2516\" class=\"more-link\"><span class=\"screen-reader-text\">&#039;Pillar of Cloud&#039; &#8211; Israel startet neue Strafexpedition gegen Gaza<\/span> weiterlesen <span class=\"meta-nav\">&rarr;<\/span><\/a><\/p>\n","protected":false},"author":3,"featured_media":0,"comment_status":"open","ping_status":"open","sticky":false,"template":"","format":"standard","meta":{"footnotes":""},"categories":[18],"tags":[],"class_list":["post-2516","post","type-post","status-publish","format-standard","hentry","category-palaestina-solidaritaet"],"_links":{"self":[{"href":"https:\/\/www.friedensplattform.at\/index.php?rest_route=\/wp\/v2\/posts\/2516","targetHints":{"allow":["GET"]}}],"collection":[{"href":"https:\/\/www.friedensplattform.at\/index.php?rest_route=\/wp\/v2\/posts"}],"about":[{"href":"https:\/\/www.friedensplattform.at\/index.php?rest_route=\/wp\/v2\/types\/post"}],"author":[{"embeddable":true,"href":"https:\/\/www.friedensplattform.at\/index.php?rest_route=\/wp\/v2\/users\/3"}],"replies":[{"embeddable":true,"href":"https:\/\/www.friedensplattform.at\/index.php?rest_route=%2Fwp%2Fv2%2Fcomments&post=2516"}],"version-history":[{"count":0,"href":"https:\/\/www.friedensplattform.at\/index.php?rest_route=\/wp\/v2\/posts\/2516\/revisions"}],"wp:attachment":[{"href":"https:\/\/www.friedensplattform.at\/index.php?rest_route=%2Fwp%2Fv2%2Fmedia&parent=2516"}],"wp:term":[{"taxonomy":"category","embeddable":true,"href":"https:\/\/www.friedensplattform.at\/index.php?rest_route=%2Fwp%2Fv2%2Fcategories&post=2516"},{"taxonomy":"post_tag","embeddable":true,"href":"https:\/\/www.friedensplattform.at\/index.php?rest_route=%2Fwp%2Fv2%2Ftags&post=2516"}],"curies":[{"name":"wp","href":"https:\/\/api.w.org\/{rel}","templated":true}]}}