{"id":2518,"date":"2012-11-17T19:16:23","date_gmt":"2012-11-17T17:16:23","guid":{"rendered":"http:\/\/www.luxorbis.org\/friedensplattform.at\/?p=2518"},"modified":"2012-11-17T19:16:23","modified_gmt":"2012-11-17T17:16:23","slug":"solidaritaet-mit-gaza-demonstrationen-in-mehreren-laendern","status":"publish","type":"post","link":"https:\/\/www.friedensplattform.at\/?p=2518","title":{"rendered":"Solidarit&#228;t mit Gaza: Demonstrationen in mehreren L&#228;ndern"},"content":{"rendered":"<p>In \u00c4gypten, Tunesien und der T\u00fcrkei ist es nach den Freitagsgebeten  zu Protesten gegen die israelische Bombardierung des Gazastreifens  gekommen. Tausende gingen in \u00c4gypten auf die Stra\u00dfe und sicherten der  Pal\u00e4stinenser-Enklave ihre Hilfe zu. In Kairo versammelten sich mehr als  1000 Menschen, sie riefen u.a. \u201cGaza, Gaza, Symbol des Stolzes\u201d.<\/p>\n<p>Rund 3000 bis 4000 Tausend Menschen protestierten auch in Tunesien.  Hunderte demonstrierten in der Hauptstadt Tunis ihre Solitarit\u00e4t mit den  Menschen im Gaza-Streifen. Eine Frau sagte: \u201cWir fordern von den  Menschen aus den L\u00e4ndern des arabischen Fr\u00fchlings Solidarit\u00e4t mit den  Pal\u00e4stinensern und den Menschen im Gaza-Streifen. Damit sie der  Besatzung standhalten.\u201d Der tunesische Au\u00dfenminister Rafik Abdessalem  wird am Samstag Gaza besuchen. In einer Erkl\u00e4rung verurteilte er die  \u201cbarbarische Aggression\u201d Israels gegen die pal\u00e4stinensischen Gebiete.<\/p>\n<p>Auch in der t\u00fcrkischen Hauptstadt Ankara und in Istanbul kam es zu  Protesten gegen Israel. In Istanbul marschierten Hunderte zum  israelischen Konsulat und verurteilten den Angriff auf den  Hamas-Milit\u00e4rchef Ahmed Jabari und die anschlie\u00dfenden Luftangriffe.<\/p>\n<p><a href=\"http:\/\/\">http:\/\/de.euronews.com\/2012\/11\/17\/solidaritaet-mit-gaza-demonstrationen-in-mehreren-laendern\/<\/a><\/p>\n","protected":false},"excerpt":{"rendered":"<p>In \u00c4gypten, Tunesien und der T\u00fcrkei ist es nach den Freitagsgebeten zu Protesten gegen die israelische Bombardierung des Gazastreifens gekommen. Tausende gingen in \u00c4gypten auf die Stra\u00dfe und sicherten der Pal\u00e4stinenser-Enklave ihre Hilfe zu. In Kairo versammelten sich mehr als 1000 Menschen, sie riefen u.a. \u201cGaza, Gaza, Symbol des Stolzes\u201d. Rund 3000 bis 4000 Tausend &hellip; <a href=\"https:\/\/www.friedensplattform.at\/?p=2518\" class=\"more-link\"><span class=\"screen-reader-text\">Solidarit&#228;t mit Gaza: Demonstrationen in mehreren L&#228;ndern<\/span> weiterlesen <span class=\"meta-nav\">&rarr;<\/span><\/a><\/p>\n","protected":false},"author":3,"featured_media":0,"comment_status":"open","ping_status":"open","sticky":false,"template":"","format":"standard","meta":{"footnotes":""},"categories":[18],"tags":[],"class_list":["post-2518","post","type-post","status-publish","format-standard","hentry","category-palaestina-solidaritaet"],"_links":{"self":[{"href":"https:\/\/www.friedensplattform.at\/index.php?rest_route=\/wp\/v2\/posts\/2518","targetHints":{"allow":["GET"]}}],"collection":[{"href":"https:\/\/www.friedensplattform.at\/index.php?rest_route=\/wp\/v2\/posts"}],"about":[{"href":"https:\/\/www.friedensplattform.at\/index.php?rest_route=\/wp\/v2\/types\/post"}],"author":[{"embeddable":true,"href":"https:\/\/www.friedensplattform.at\/index.php?rest_route=\/wp\/v2\/users\/3"}],"replies":[{"embeddable":true,"href":"https:\/\/www.friedensplattform.at\/index.php?rest_route=%2Fwp%2Fv2%2Fcomments&post=2518"}],"version-history":[{"count":0,"href":"https:\/\/www.friedensplattform.at\/index.php?rest_route=\/wp\/v2\/posts\/2518\/revisions"}],"wp:attachment":[{"href":"https:\/\/www.friedensplattform.at\/index.php?rest_route=%2Fwp%2Fv2%2Fmedia&parent=2518"}],"wp:term":[{"taxonomy":"category","embeddable":true,"href":"https:\/\/www.friedensplattform.at\/index.php?rest_route=%2Fwp%2Fv2%2Fcategories&post=2518"},{"taxonomy":"post_tag","embeddable":true,"href":"https:\/\/www.friedensplattform.at\/index.php?rest_route=%2Fwp%2Fv2%2Ftags&post=2518"}],"curies":[{"name":"wp","href":"https:\/\/api.w.org\/{rel}","templated":true}]}}