{"id":2524,"date":"2012-11-18T17:36:32","date_gmt":"2012-11-18T15:36:32","guid":{"rendered":"http:\/\/www.luxorbis.org\/friedensplattform.at\/?p=2524"},"modified":"2012-11-18T17:36:32","modified_gmt":"2012-11-18T15:36:32","slug":"internationale-solidaritaet-mit-gaza","status":"publish","type":"post","link":"https:\/\/www.friedensplattform.at\/?p=2524","title":{"rendered":"Internationale Solidarit&#228;t mit Gaza!"},"content":{"rendered":"<p><span style=\"font-size: 13.5pt;\">Die Internetseite &#8222;Mondoweiss&#8220; hat eine Liste  mit den Terminen internationaler Proteste gegen die\u00a0 israelischen Angriffe  auf Gaza ver\u00f6ffentlicht. Die Liste wird regelm\u00e4\u00dfig aktualisiert.\u00a0<!--more--><\/span><\/p>\n<p><span style=\"font-size: 13.5pt;\"><br \/>\n<a href=\"https:\/\/docs.google.com\/document\/d\/1Iq4XZx9Vj0BDIiWzlHi2mUS0VUOn_t-prgtGGCzatQw\/preview?pli=1&amp;utm_source=Mondoweiss+List&amp;utm_campaign=4cd0ad7b96-RSS_EMAIL_CAMPAIGN&amp;utm_medium=email&amp;sle=true\" target=\"_blank\">https:\/\/docs.google.com\/document\/d\/1Iq4XZx9Vj0BDIiWzlHi2mUS0VUOn_t-prgtGGCzatQw\/preview?pli=1&amp;utm_source=Mondoweiss+List&amp;utm_campaign=4cd0ad7b96-RSS_EMAIL_CAMPAIGN&amp;utm_medium=email&amp;sle=true<\/a><\/span><\/p>\n","protected":false},"excerpt":{"rendered":"<p>Die Internetseite &#8222;Mondoweiss&#8220; hat eine Liste mit den Terminen internationaler Proteste gegen die\u00a0 israelischen Angriffe auf Gaza ver\u00f6ffentlicht. Die Liste wird regelm\u00e4\u00dfig aktualisiert.\u00a0<\/p>\n","protected":false},"author":3,"featured_media":0,"comment_status":"open","ping_status":"open","sticky":false,"template":"","format":"standard","meta":{"footnotes":""},"categories":[18],"tags":[],"class_list":["post-2524","post","type-post","status-publish","format-standard","hentry","category-palaestina-solidaritaet"],"_links":{"self":[{"href":"https:\/\/www.friedensplattform.at\/index.php?rest_route=\/wp\/v2\/posts\/2524","targetHints":{"allow":["GET"]}}],"collection":[{"href":"https:\/\/www.friedensplattform.at\/index.php?rest_route=\/wp\/v2\/posts"}],"about":[{"href":"https:\/\/www.friedensplattform.at\/index.php?rest_route=\/wp\/v2\/types\/post"}],"author":[{"embeddable":true,"href":"https:\/\/www.friedensplattform.at\/index.php?rest_route=\/wp\/v2\/users\/3"}],"replies":[{"embeddable":true,"href":"https:\/\/www.friedensplattform.at\/index.php?rest_route=%2Fwp%2Fv2%2Fcomments&post=2524"}],"version-history":[{"count":0,"href":"https:\/\/www.friedensplattform.at\/index.php?rest_route=\/wp\/v2\/posts\/2524\/revisions"}],"wp:attachment":[{"href":"https:\/\/www.friedensplattform.at\/index.php?rest_route=%2Fwp%2Fv2%2Fmedia&parent=2524"}],"wp:term":[{"taxonomy":"category","embeddable":true,"href":"https:\/\/www.friedensplattform.at\/index.php?rest_route=%2Fwp%2Fv2%2Fcategories&post=2524"},{"taxonomy":"post_tag","embeddable":true,"href":"https:\/\/www.friedensplattform.at\/index.php?rest_route=%2Fwp%2Fv2%2Ftags&post=2524"}],"curies":[{"name":"wp","href":"https:\/\/api.w.org\/{rel}","templated":true}]}}