{"id":2546,"date":"2012-11-23T22:58:58","date_gmt":"2012-11-23T20:58:58","guid":{"rendered":"http:\/\/www.luxorbis.org\/friedensplattform.at\/?p=2546"},"modified":"2012-11-23T22:58:58","modified_gmt":"2012-11-23T20:58:58","slug":"warum-nicht-ein-oesterreich-ohne-heer","status":"publish","type":"post","link":"https:\/\/www.friedensplattform.at\/?p=2546","title":{"rendered":"Warum nicht ein &#214;sterreich ohne Heer?"},"content":{"rendered":"<p style=\"text-align: center;\"><strong> <\/strong><\/p>\n<p style=\"text-align: center;\"><strong> <\/strong><\/p>\n<p style=\"text-align: center;\"><strong> <\/strong><\/p>\n<p><strong> <\/strong><\/p>\n<p><strong> <\/strong><\/p>\n<p><strong> <\/strong><\/p>\n<p><strong> <\/strong><\/p>\n<p><strong> <\/strong><\/p>\n<p><strong> <\/strong><\/p>\n<p><strong> <\/strong><\/p>\n<p><strong><\/p>\n<figure id=\"attachment_2552\" aria-describedby=\"caption-attachment-2552\" style=\"width: 128px\" class=\"wp-caption alignleft\"><img loading=\"lazy\" decoding=\"async\" class=\"size-full wp-image-2552 \" title=\"Krieg ist keine L\u00f6sung\" src=\"http:\/\/www.luxorbis.org\/friedensplattform.at\/wp-content\/uploads\/2012\/11\/images1.jpg\" alt=\"Quelle: www.ekd.de\" width=\"128\" height=\"96\" \/><figcaption id=\"caption-attachment-2552\" class=\"wp-caption-text\">Quelle: www.ekd.de<\/figcaption><\/figure>\n<p><\/strong><\/p>\n<p><strong> <\/strong><\/p>\n<p><strong> <\/strong><\/p>\n<p><strong> <\/strong><\/p>\n<p><strong> <\/strong><\/p>\n<p><strong> <\/strong><\/p>\n<p><strong> <\/strong><\/p>\n<p><strong> <\/strong><\/p>\n<p><strong> <\/strong><\/p>\n<p><strong> <\/strong><\/p>\n<p style=\"text-align: center;\"><strong>Impulsreferate und Diskussion \u00fcber die beiden Varianten der kommenden Volksbefragung und die nicht zur Befragung gestellte zukunftsweisende Vision einer Abschaffung des Milit\u00e4rs<\/strong><\/p>\n<p style=\"text-align: center;\">Anl\u00e4\u00dflich des 70. Geburtstages von <em><strong><a title=\"Joan Baez\" href=\"http:\/\/de.wikipedia.org\/wiki\/Joan_Baez\" target=\"_blank\">Joan Baez<\/a> <\/strong><\/em>zeigen wir zum Einstieg Ausschnitte von Liedern und Interviews dieser Vork\u00e4mpferin der Internationalen Friedensbewegung.<\/p>\n<h2 style=\"text-align: center;\"><strong>Freitag, 30. November 2012, 16 Uhr; Haus am Bach, Feldbacherstra\u00dfe 188, Markt Hartmannsdorf<\/strong><\/h2>\n<p style=\"text-align: center;\">F\u00fcr eine Bio-Jause ist gesorgt! Der Eintritt ist frei.<\/p>\n<p style=\"text-align: center;\">Eine Veranstaltung der Steirischen Friedensplattform,<a href=\"http:\/\/w3.khg.jku.at\/pax\/blog\/?cat=31\" target=\"_self\"> Pax Christi Steiermark<\/a>, <a href=\"http:\/\/www.vereinerde.com\/cms\/index.php\/kontakt\" target=\"_blank\">Verein Erde<\/a> und der <a href=\"http:\/\/www.politischebildung.at\/\" target=\"_blank\">\u00d6sterreichischen Gesellschaft f\u00fcr politische Bildung<\/a>.<\/p>\n<p style=\"text-align: left;\"><strong>Links:<\/strong><\/p>\n<p style=\"text-align: left;\"><a title=\"Wehrpflicht oder Berufsheer?\" href=\"http:\/\/www.werkstatt.or.at\/index.php?option=com_content&amp;task=blogcategory&amp;id=21&amp;Itemid=39\" target=\"_blank\">Infoseite der Solidarwerkstatt Linz zur Frage Wehrpflicht\/Berufsheer<\/a><\/p>\n<p style=\"text-align: left;\"><a href=\"http:\/\/www.versoehnungsbund.at\/index.php?option=com_content&amp;task=view&amp;id=132&amp;Itemid=132\" target=\"_blank\">B\u00fcrgerInneninitiative zur Bundesheerabschaffung (Internationaler Vers\u00f6hnungsbund \u00d6sterreich)<\/a><\/p>\n<p style=\"text-align: left;\"><a href=\"http:\/\/w3.khg.jku.at\/pax\/blog\/?cat=41\" target=\"_blank\">Stellungnahme von Pax Christi \u00d6sterreich zur Wehrpflichtvolksbefragung<\/a><\/p>\n","protected":false},"excerpt":{"rendered":"<p>Impulsreferate und Diskussion \u00fcber die beiden Varianten der kommenden Volksbefragung und die nicht zur Befragung gestellte zukunftsweisende Vision einer Abschaffung des Milit\u00e4rs Anl\u00e4\u00dflich des 70. Geburtstages von Joan Baez zeigen wir zum Einstieg Ausschnitte von Liedern und Interviews dieser Vork\u00e4mpferin der Internationalen Friedensbewegung. Freitag, 30. November 2012, 16 Uhr; Haus am Bach, Feldbacherstra\u00dfe 188, Markt &hellip; <a href=\"https:\/\/www.friedensplattform.at\/?p=2546\" class=\"more-link\"><span class=\"screen-reader-text\">Warum nicht ein &#214;sterreich ohne Heer?<\/span> weiterlesen <span class=\"meta-nav\">&rarr;<\/span><\/a><\/p>\n","protected":false},"author":4,"featured_media":0,"comment_status":"open","ping_status":"open","sticky":false,"template":"","format":"standard","meta":{"footnotes":""},"categories":[1,3,21],"tags":[],"class_list":["post-2546","post","type-post","status-publish","format-standard","hentry","category-allgemein","category-antimilitarismus","category-veranstaltungshinweise"],"_links":{"self":[{"href":"https:\/\/www.friedensplattform.at\/index.php?rest_route=\/wp\/v2\/posts\/2546","targetHints":{"allow":["GET"]}}],"collection":[{"href":"https:\/\/www.friedensplattform.at\/index.php?rest_route=\/wp\/v2\/posts"}],"about":[{"href":"https:\/\/www.friedensplattform.at\/index.php?rest_route=\/wp\/v2\/types\/post"}],"author":[{"embeddable":true,"href":"https:\/\/www.friedensplattform.at\/index.php?rest_route=\/wp\/v2\/users\/4"}],"replies":[{"embeddable":true,"href":"https:\/\/www.friedensplattform.at\/index.php?rest_route=%2Fwp%2Fv2%2Fcomments&post=2546"}],"version-history":[{"count":0,"href":"https:\/\/www.friedensplattform.at\/index.php?rest_route=\/wp\/v2\/posts\/2546\/revisions"}],"wp:attachment":[{"href":"https:\/\/www.friedensplattform.at\/index.php?rest_route=%2Fwp%2Fv2%2Fmedia&parent=2546"}],"wp:term":[{"taxonomy":"category","embeddable":true,"href":"https:\/\/www.friedensplattform.at\/index.php?rest_route=%2Fwp%2Fv2%2Fcategories&post=2546"},{"taxonomy":"post_tag","embeddable":true,"href":"https:\/\/www.friedensplattform.at\/index.php?rest_route=%2Fwp%2Fv2%2Ftags&post=2546"}],"curies":[{"name":"wp","href":"https:\/\/api.w.org\/{rel}","templated":true}]}}