{"id":2577,"date":"2012-11-22T23:39:14","date_gmt":"2012-11-22T21:39:14","guid":{"rendered":"http:\/\/www.luxorbis.org\/friedensplattform.at\/?p=2577"},"modified":"2012-11-22T23:39:14","modified_gmt":"2012-11-22T21:39:14","slug":"erklaerung-des-steirischen-friedensplattform-zum-aktuellen-gaza-krieg","status":"publish","type":"post","link":"https:\/\/www.friedensplattform.at\/?p=2577","title":{"rendered":"Erkl&#228;rung des Steirischen Friedensplattform zum aktuellen Gaza-Krieg"},"content":{"rendered":"<p style=\"margin-bottom: 0cm; text-align: justify;\"><span style=\"color: #000000;\"><span style=\"font-family: Geneva;\"><span style=\"font-size: small;\"> <\/span><\/span><\/span><\/p>\n<p style=\"margin-bottom: 0cm; text-align: justify;\">\n<p style=\"margin-bottom: 0cm\" align=\"LEFT\"><span style=\"color: #000000;\"><span style=\"font-family: Geneva;\"><span style=\"font-size: medium;\"> <\/span><\/span><\/span><\/p>\n<p style=\"margin-bottom: 0cm;\"><span style=\"color: #000000;\"><span style=\"font-family: Geneva;\"><span style=\"font-size: medium;\"><span style=\"text-decoration: underline;\">Hamas und Israel zum Waffenstillstand dr\u00e4ngen. Einseitige Schuldzuweisungen sind fehl am Platz. Ursachen der Gewalt liegen in der israelischer Besatzungspolitik.<\/span><\/span><\/span><\/span><\/p>\n<p style=\"margin-bottom: 0cm;\">\n<p style=\"margin-bottom: 0cm;\"><span style=\"color: #000000;\"><span style=\"font-family: Geneva;\"><span style=\"font-size: medium;\">Die neuerliche Eskalation \u00a0der Gewalt im israelisch-arabischen Konflikt, insbesondere zwischen dem Hamas-regierten Gazastreifen und der Regierung in Tel Aviv, kann leicht in einen gr\u00f6\u00dferen Krieg m\u00fcnden, in dessen Verlauf die Menschen im Gazastreifen Opfer der \u00fcberm\u00e4chtigen israelischen Milit\u00e4rmaschine w\u00fcrden.<\/span><\/span><\/span><\/p>\n<p style=\"margin-bottom: 0cm;\"><span style=\"color: #000000;\"><span style=\"font-family: Geneva;\"><span style=\"font-size: medium;\">Erinnerungen an die Milit\u00e4roffensive im Dez. 2008\/Januar 2009, werden wach. Damals starben \u00fcber 1.400 Bewohner des Gazastreifens, Tausende wurden verletzt und verloren ihre H\u00e4user und Wohnungen. Auf israelischer Seite wurden 13 Todesopfer gez\u00e4hlt.<\/span><\/span><\/span><\/p>\n<p style=\"margin-bottom: 0cm;\">\n<p style=\"margin-bottom: 0cm;\"><span style=\"color: #000000;\"><span style=\"font-family: Geneva;\"><span style=\"font-size: medium;\">Eine einseitige Schuldzuweisung an die Adresse der Pal\u00e4stinenserInnen ist fehl am Platz und blendet die aktuelle Ursache, die israelische Besatzungspolitik, aus. Was die aktuelle Entwicklung betrifft, so ist l\u00e4ngst nicht ausgemacht, wer den ersten Stein warf und wer nur reagierte. <\/span><\/span><\/span><\/p>\n<p style=\"margin-bottom: 0cm;\"><span style=\"color: #000000;\"><span style=\"font-family: Geneva;\"><span style=\"font-size: medium;\">Allen milit\u00e4rischen Optionen in diesem Dauerkonflikt muss eine Absage erteilt werden. Stattdessen muss endlich das Recht der Pal\u00e4stinenserInnen auf einen eigenen Staat und auf ein lebenswertes Leben anerkannt und umgesetzt werden. <\/span><\/span><\/span><\/p>\n<p style=\"margin-bottom: 0cm;\">\n<p style=\"margin-bottom: 0cm;\"><span style=\"color: #000000;\"><span style=\"font-family: Geneva;\"><span style=\"font-size: medium;\">In das gleiche Horn st\u00f6\u00dft auch die israelische Friedensorganisation Gush Shalom. Deren Stimme mag derzeit marginalisiert erscheinen, sie dr\u00fcckt aber die einzige realistische Perspektive f\u00fcr eine L\u00f6sung des Konflikts aus. Im eigenen Interesse, so ihr Credo, m\u00fcsse Israel auf den Pfad des Friedens, der Gewaltlosigkeit und des internationalen Rechts zur\u00fcckkehren.<\/span><\/span><\/span><\/p>\n<p style=\"margin-bottom: 0cm\">\n<p style=\"margin-bottom: 0cm\" align=\"LEFT\"><strong><span style=\"color: #000000;\"><span style=\"font-family: Geneva;\"><span style=\"font-size: medium;\">Die Steirische Friedensplattform Graz fordert daher<\/span><\/span><\/span><\/strong><\/p>\n<ul>\n<li>\n<p style=\"margin-bottom: 0cm\" align=\"LEFT\"><strong><span style=\"color: #000000;\"><span style=\"font-family: Geneva;\"><span style=\"font-size: medium;\">einen \tsofortigen Waffenstillstand in Gaza<\/span><\/span><\/span><\/strong><\/p>\n<\/li>\n<li>\n<p style=\"margin-bottom: 0cm\" align=\"LEFT\"><strong><span style=\"color: #000000;\"><span style=\"font-family: Geneva;\"><span style=\"font-size: medium;\">eine \tsofortige Aufhebung der v\u00f6lkerrechtswidrigen Blockade in Gaza<\/span><\/span><\/span><\/strong><\/p>\n<\/li>\n<li>\n<p style=\"margin-bottom: 0cm\" align=\"LEFT\"><strong><span style=\"color: #000000;\"><span style=\"font-family: Geneva;\"><span style=\"font-size: medium;\">die \tAnerkennung des pal\u00e4stinensischen Staates durch die UNO<\/span><\/span><\/span><\/strong><\/p>\n<\/li>\n<li>\n<p style=\"margin-bottom: 0cm\" align=\"LEFT\"><strong><span style=\"color: #000000;\"><span style=\"font-family: Geneva;\"><span style=\"font-size: medium;\">die \t\u00f6sterreichische Regierung auf, sich im Sinne der \u00f6sterreichischen \tNeutralit\u00e4t vermittelnd in den Konflikt einzubringen. <\/span><\/span><\/span><\/strong><\/p>\n<\/li>\n<\/ul>\n<p style=\"margin-bottom: 0cm\" align=\"LEFT\">\n<p style=\"margin-bottom: 0cm\">\n<p style=\"margin-bottom: 0cm; text-align: center;\"><span style=\"color: #000000;\"><span style=\"font-family: Geneva;\"><span style=\"font-size: medium;\">Graz, am 20. November 2012<br \/>\n<\/span><\/span><\/span><\/p>\n","protected":false},"excerpt":{"rendered":"<p>Hamas und Israel zum Waffenstillstand dr\u00e4ngen. Einseitige Schuldzuweisungen sind fehl am Platz. Ursachen der Gewalt liegen in der israelischer Besatzungspolitik. Die neuerliche Eskalation \u00a0der Gewalt im israelisch-arabischen Konflikt, insbesondere zwischen dem Hamas-regierten Gazastreifen und der Regierung in Tel Aviv, kann leicht in einen gr\u00f6\u00dferen Krieg m\u00fcnden, in dessen Verlauf die Menschen im Gazastreifen Opfer der &hellip; <a href=\"https:\/\/www.friedensplattform.at\/?p=2577\" class=\"more-link\"><span class=\"screen-reader-text\">Erkl&#228;rung des Steirischen Friedensplattform zum aktuellen Gaza-Krieg<\/span> weiterlesen <span class=\"meta-nav\">&rarr;<\/span><\/a><\/p>\n","protected":false},"author":4,"featured_media":0,"comment_status":"closed","ping_status":"open","sticky":false,"template":"","format":"standard","meta":{"footnotes":""},"categories":[3,5,18],"tags":[27,28,29,30],"class_list":["post-2577","post","type-post","status-publish","format-standard","hentry","category-antimilitarismus","category-arabischer-raum","category-palaestina-solidaritaet","tag-besatzung","tag-gaza","tag-israel","tag-palaestina"],"_links":{"self":[{"href":"https:\/\/www.friedensplattform.at\/index.php?rest_route=\/wp\/v2\/posts\/2577","targetHints":{"allow":["GET"]}}],"collection":[{"href":"https:\/\/www.friedensplattform.at\/index.php?rest_route=\/wp\/v2\/posts"}],"about":[{"href":"https:\/\/www.friedensplattform.at\/index.php?rest_route=\/wp\/v2\/types\/post"}],"author":[{"embeddable":true,"href":"https:\/\/www.friedensplattform.at\/index.php?rest_route=\/wp\/v2\/users\/4"}],"replies":[{"embeddable":true,"href":"https:\/\/www.friedensplattform.at\/index.php?rest_route=%2Fwp%2Fv2%2Fcomments&post=2577"}],"version-history":[{"count":0,"href":"https:\/\/www.friedensplattform.at\/index.php?rest_route=\/wp\/v2\/posts\/2577\/revisions"}],"wp:attachment":[{"href":"https:\/\/www.friedensplattform.at\/index.php?rest_route=%2Fwp%2Fv2%2Fmedia&parent=2577"}],"wp:term":[{"taxonomy":"category","embeddable":true,"href":"https:\/\/www.friedensplattform.at\/index.php?rest_route=%2Fwp%2Fv2%2Fcategories&post=2577"},{"taxonomy":"post_tag","embeddable":true,"href":"https:\/\/www.friedensplattform.at\/index.php?rest_route=%2Fwp%2Fv2%2Ftags&post=2577"}],"curies":[{"name":"wp","href":"https:\/\/api.w.org\/{rel}","templated":true}]}}