{"id":2599,"date":"2012-11-23T07:45:32","date_gmt":"2012-11-23T05:45:32","guid":{"rendered":"http:\/\/www.luxorbis.org\/friedensplattform.at\/?p=2599"},"modified":"2012-11-23T07:45:32","modified_gmt":"2012-11-23T05:45:32","slug":"mehrere-friedensbewegteantimilitaristischepazifistische-organisationen-internationaler-versoehnungsbund-arge-wehrdienstverweigerung-friedensbuero-salzburg-oesterreichische-friedensdienste-akin","status":"publish","type":"post","link":"https:\/\/www.friedensplattform.at\/?p=2599","title":{"rendered":"Mehrere friedensbewegte\/antimilitaristische\/pazifistische Organisationen (Internationaler Vers&#246;hnungsbund, ARGE Wehrdienstverweigerung, Friedensb&#252;ro Salzburg, &#214;sterreichische Friedensdienste, Akin, AUGE-UG) haben eine parlamentarische B&#252;rgerInneninitiative f&#252;r die Abschaffung des Bundesheeres und eine aktive Friedenspolitik initiiert und im Parlament eingebracht."},"content":{"rendered":"<h3>Anlass daf\u00fcr ist die unserer Meinung nach zu kurz greifende     Fragestellung bei der Volksbefragung am 20.1.3013, bei der keine     Option im Sinne einer dritten M\u00f6glichkeit vorgesehen ist, n\u00e4mlich     auf ein Bundesheer \u00fcberhaupt zu verzichten und stattdessen eine     aktive Friedenspolitik in \u00d6sterreich, in Europa und der Welt zu     verfolgen.<!--more--><\/h3>\n<p>Liebe Friedensbewegte!<\/p>\n<p>Ich nehme zwar an, dass die meisten von  euch schon von unserer     B\u00fcrgerInneninitiative f\u00fcr eine aktive  Friedenspolitik und die     Abschaffung des Bundesheeres geh\u00f6rt haben,  aber besser einmal zuviel     als zu wenig! \ud83d\ude09 Alle, die nicht schon  dabei sind, w\u00fcrden wir     einladen, sich die unten stehenden Punkte 1-3  zu \u00fcberlegen und uns     wissen zu lassen, ob das und was davon f\u00fcr  euch in Frage kommt.<br \/>\nEin n\u00e4chstes Planungstreffen in Wien ist f\u00fcr  Mitte Dezember     angedacht &#8211; dazu sollen alle Organisationen  eingeladen werden, die     diese Initiative unterst\u00fctzen.<\/p>\n<p>Ich freue mich von euch zu h\u00f6ren und schick allen friedliche Gr\u00fc\u00dfe,<\/p>\n<p>Pete H\u00e4mmerle<\/p>\n<p>Anl\u00e4sslich der \u00dcbergabe der Petition im Parlament ver\u00f6ffentlichten     die InitiatorInnen folgende Presseerkl\u00e4rung:<\/p>\n<p><em>Am               Montag, den 12. November 2012, \u00fcbergaben VertreterInnen des           Internationalen Vers\u00f6hnungsbundes, der ARGE f\u00fcr           Wehrdienstverweigerung, Gewaltfreiheit und           Fl\u00fcchtlingsbetreuung und der Alternativen, Gr\u00fcnen und           Unabh\u00e4ngigen GewerkschafterInnen (AUGE-UG) 755 Unterschriften           f\u00fcr die Abschaffung des Bundesheeres und eine aktive           Friedenspolitik an Nationalrats-Pr\u00e4sidentin Barbara Prammer.           Damit ist diese parlamentarische B\u00fcrgerInneninitiative           offiziell eingebracht und kann auch online auf der Homepage           des Parlaments (<a href=\"https:\/\/service.gmx.net\/dereferrer\/?target=http%3A%2F%2Fwww.parlament.gv.at%2FPAKT%2FVHG%2FXXIV%2FBI%2FBI_00053%2Findex.shtml&amp;lang=de\" target=\"_blank\">http:\/\/www.parlament.gv.at\/PAKT\/VHG\/XXIV\/BI\/BI_00053\/index.shtml<\/a>)\u00a0               von wahlberechtigten \u00d6sterreicherInnen ab 16 Jahren           unterst\u00fctzt werden.<\/em><\/p>\n<p><em> <\/em><\/p>\n<p><em> <\/em><\/p>\n<p><em>Bei               der \u00dcberreichung der Unterschriften stellte Pete H\u00e4mmerle vom           Internationalen Vers\u00f6hnungsbund die Initiative vor, die eine           aktive Friedenspolitik \u00d6sterreichs in Europa und in der Welt           als Modell einer nicht-milit\u00e4rischen Sicherheitspolitik in den           Mittelpunkt stellt. Als konkrete Punkte nannte H\u00e4mmerle die           Abschaffung des Bundesheeres, die Einrichtung einer eigenen           Institution f\u00fcr den Zivil- und Katastrophenschutz, die           \u00dcbernahme von sozialen Aufgaben, die bisher von           Zivildienstleistenden erf\u00fcllt wurden, durch Schaffung           bezahlter Arbeitspl\u00e4tze und die Einf\u00fchrung eines freiwilligen,           attraktiven zivilen Dienstes f\u00fcr Frauen und M\u00e4nner im In- oder           Ausland sowie die Einf\u00fchrung eines staatlich gef\u00f6rderten           Zivilen Friedensdienstes mit ausgebildeten Fachkr\u00e4ften zur           Konfliktpr\u00e4vention und -bearbeitung.<\/em><\/p>\n<p><em> <\/em><\/p>\n<p><em> <\/em><\/p>\n<p><em>Christian Mokricky               von der ARGE Wehrdienstverweigerung betonte, dass in der           Fragestellung f\u00fcr die Volksbefragung der wesentliche Punkt, ob           und wozu \u00d6sterreich \u00fcberhaupt ein Bundesheer brauche, nicht           vorkomme, und vielen Menschen so nicht die Gelegenheit geboten           werde, f\u00fcr eine dritte Option, eine aktive Friedenspolitik           ohne Bundesheer, zu stimmen. Hildegard Goss-Mayr,           Ehrenpr\u00e4sidentin des Vers\u00f6hnungsbundes und Jahrzehnte lang           aktiv in der Schulung von Menschen in aktiver Gewaltfreiheit           (u.a. in Lateinamerika und in den Philippinen in den Zeiten           der Milit\u00e4rdiktaturen), wies darauf hin, dass \u00d6sterreich als           neutrales Land ein wichtiges Beispiel f\u00fcr eine           nicht-milit\u00e4rische Friedenspolitik sein und ein Modell f\u00fcr           einen gewaltfreien Umgang mit Konflikten in Europa und in der           ganzen Welt liefern k\u00f6nne.<\/em><\/p>\n<p>Um den Forderungen der B\u00fcrgerInneninitiative (BI) mehr Gewicht in     der \u00f6ffentlichen Diskussion vor dem 20. J\u00e4nner zu verleihen, sind     wir in einem n\u00e4chsten Schritt nun auf der Suche nach weiterer     Unterst\u00fctzung. Deshalb m\u00f6chten wir folgende Fragen bzw. Bitten an     Sie richten:<\/p>\n<p><strong>1. <\/strong><strong>W\u00e4ren Sie bereit, als Organisation den Inhalt dieser       Initiative zu unterst\u00fctzen und Mitglied einer dementsprechenden       &#8222;Plattform zur Unterst\u00fctzung der BI&#8220; <\/strong><strong>zu werden?<\/strong><strong><\/p>\n<p><\/strong><strong>2. W\u00fcrden Sie uns dabei helfen, den Link zur Unterst\u00fctzung       der BI auf der Website des Parlaments (wo auch der vollst\u00e4ndige       Text zu finden ist) \u00fcber alle Ihnen zur Verf\u00fcgung stehenden Medien       (Zeitungen, Webpage, Facebook, Mailinglisten usw.) zu verbreiten       (das k\u00f6nnte auch unabh\u00e4ngig von einer offiziellen Unterst\u00fctzung       der Fall sein)<\/strong><strong><\/p>\n<p><\/strong><strong>3. K\u00f6nnten Sie diese Anfrage auch an andere Organisationen       oder interessierte Einzelpersonen weiterleiten?<\/strong><\/p>\n<p>F\u00fcr weitere Fragen oder Kommentare k\u00f6nnen Sie sich gerne an mich     wenden. Wir freuen uns auf Ihre R\u00fcckmeldung.<\/p>\n<p>Mit freundlichen Gr\u00fc\u00dfen,<\/p>\n<p>Pete H\u00e4mmerle<br \/>\n(Internationaler Vers\u00f6hnungsbund, Erstunterzeichner der BI)<\/p>\n","protected":false},"excerpt":{"rendered":"<p>Anlass daf\u00fcr ist die unserer Meinung nach zu kurz greifende Fragestellung bei der Volksbefragung am 20.1.3013, bei der keine Option im Sinne einer dritten M\u00f6glichkeit vorgesehen ist, n\u00e4mlich auf ein Bundesheer \u00fcberhaupt zu verzichten und stattdessen eine aktive Friedenspolitik in \u00d6sterreich, in Europa und der Welt zu verfolgen.<\/p>\n","protected":false},"author":2,"featured_media":0,"comment_status":"open","ping_status":"open","sticky":false,"template":"","format":"standard","meta":{"footnotes":""},"categories":[1],"tags":[],"class_list":["post-2599","post","type-post","status-publish","format-standard","hentry","category-allgemein"],"_links":{"self":[{"href":"https:\/\/www.friedensplattform.at\/index.php?rest_route=\/wp\/v2\/posts\/2599","targetHints":{"allow":["GET"]}}],"collection":[{"href":"https:\/\/www.friedensplattform.at\/index.php?rest_route=\/wp\/v2\/posts"}],"about":[{"href":"https:\/\/www.friedensplattform.at\/index.php?rest_route=\/wp\/v2\/types\/post"}],"author":[{"embeddable":true,"href":"https:\/\/www.friedensplattform.at\/index.php?rest_route=\/wp\/v2\/users\/2"}],"replies":[{"embeddable":true,"href":"https:\/\/www.friedensplattform.at\/index.php?rest_route=%2Fwp%2Fv2%2Fcomments&post=2599"}],"version-history":[{"count":0,"href":"https:\/\/www.friedensplattform.at\/index.php?rest_route=\/wp\/v2\/posts\/2599\/revisions"}],"wp:attachment":[{"href":"https:\/\/www.friedensplattform.at\/index.php?rest_route=%2Fwp%2Fv2%2Fmedia&parent=2599"}],"wp:term":[{"taxonomy":"category","embeddable":true,"href":"https:\/\/www.friedensplattform.at\/index.php?rest_route=%2Fwp%2Fv2%2Fcategories&post=2599"},{"taxonomy":"post_tag","embeddable":true,"href":"https:\/\/www.friedensplattform.at\/index.php?rest_route=%2Fwp%2Fv2%2Ftags&post=2599"}],"curies":[{"name":"wp","href":"https:\/\/api.w.org\/{rel}","templated":true}]}}