{"id":2602,"date":"2012-11-23T21:20:46","date_gmt":"2012-11-23T19:20:46","guid":{"rendered":"http:\/\/www.luxorbis.org\/friedensplattform.at\/?p=2602"},"modified":"2012-11-23T21:20:46","modified_gmt":"2012-11-23T19:20:46","slug":"in-memoriam-of-the-victims-in-palestine-burma-syria","status":"publish","type":"post","link":"https:\/\/www.friedensplattform.at\/?p=2602","title":{"rendered":"In Memoriam of the victims in Palestine\/ Burma\/ Syria"},"content":{"rendered":"<h2>Demonstration in Graz am 25.11.12\u00a0\u00a0 12 Uhr\u00a0 Graz- Jakominiplatz (Steirerhof)<!--more--><\/h2>\n<div><a href=\"http:\/\/www.facebook.com\/events\/301096930000949\/\"><\/p>\n<div>In Memoriam of the victims in Palestine\/ Burma\/ Syria<\/div>\n<p><\/a><a href=\"http:\/\/www.facebook.com\/events\/301096930000949\/\"><\/a><a href=\"http:\/\/www.facebook.com\/events\/301096930000949\/\"><\/a><\/p>\n<div><span id=\"js_3\">\u00d6ffentliche Veranstaltung<\/span> \u00b7 <span>Von <a href=\"http:\/\/www.facebook.com\/adisdraganovic\">Adis Draganovic<\/a>, <a href=\"http:\/\/www.facebook.com\/hesham.elsayed.940\">Hesham Black<\/a> und <a id=\"js_4\" rel=\"dialog\" href=\"http:\/\/www.facebook.com\/browse\/event_members\/?id=301096930000949&amp;edge=temporal_groups%3Ahosts_of_temporal_group\">3 weitere Personen<\/a><\/span><\/div>\n<div><span>www.facebook.com\/groups\/SOSGraz<br \/>\n<\/span><\/div>\n<\/div>\n<div id=\"rightCol\">\n<div id=\"pagelet_ego_pane\"><span id=\"egoRefreshAds\"> <\/span><span><span> <\/span><span> <\/span><\/span><\/div>\n<\/div>\n<div id=\"contentArea\">\n<div id=\"pagelet_event_details\">\n<div>\n<ul>\n<li>\n<ul>\n<li>\n<div>\n<div><span><a rel=\"dialog\" href=\"http:\/\/www.facebook.com\/events\/calendar\/2012\/November\/25\">Sonntag<\/a><\/span><\/div>\n<\/div>\n<\/li>\n<li>\n<div><span><span>12:00<\/span> bis <span>14:00<\/span><\/span><\/div>\n<\/li>\n<\/ul>\n<\/li>\n<li>\n<table border=\"0\" cellspacing=\"0\" cellpadding=\"0\">\n<tbody>\n<tr>\n<td><\/td>\n<td><span><span><\/p>\n<div id=\"id_50afcb4b714ce2d46245550\">Der Protest unter dem Motto In Memoriam<br \/>\nProtest pod parolom  In Memoriam<\/p>\n<p>Pozovite svoje prijatelje!<br \/>\nLaden Sie Ihre Freunde ein!<\/p>\n<div>Support Palestinians under attack in Gaza!!!<\/p>\n<p>Die Unterdr\u00fcckung Pal\u00e4stinas ist gewagt und erheblich. Seit ca. 60  Jahren m\u00fcssen Kinder sterben, M\u00fctter Ihre Kinder und Kinder ihre Eltern  verlieren, Menschen hilflos zusehen, wie ihr Heim weggenommen wird, und  das allerwichtigste Menschen in Furcht leben, weil sie genau wissen dass  morgen das Grauen weiter geht.<\/p>\n<p>Nun ist Waffenruhe, doch  leider wissen wir alle, dass es weiter gehen wird! In diesem  Zusammenhang, m\u00f6chten wir alle Menschen Gedenken, die von ungerechten  Menschen get\u00f6tet wurden sind! Diese Menschen sind Helden und sollten  daher Gedenkt werden.<br \/>\nEs geht schon lange nicht mehr um Religion, wie manche meinen, bzw. glauben, sondern um Macht und Geld!<\/p>\n<p>Also liebe Leute viele Proteste haben die Welt ver\u00e4ndert und nahmen  politische Stellung, deshalb verschlie\u00dft nicht eure Augen vor der  Wirklichkeit und helft dabei Menschen in Kriegsgebieten vor zuk\u00fcnftigen  Angriffen zu sch\u00fctzen!<\/p>\n<p>WICHTIG BEKANNTGABE DER ROUTE!<\/p>\n<p><span> Der Protest beginnt um 12:00, Versammlungsort ist am Jakominiplatz am  Steirerhof (vor der Raiffeisenbank), von da bewegen wir uns Richtung  Opernring zw. Dorotheum und Marktst\u00e4nden und weiters \u00fcber den Opernring  bei der dortigen Fu\u00dfg\u00e4ngerampel \u00fcberqueren, wobei es zu keinen  Verkehrsbeeintr\u00e4chtigungen<\/span><span> <\/span> kommen wird! Wir bewegen uns dann entlang der H\u00e4userfront ostseitig Am  Eisernen Tor, biegen dann nach recht in die Hans Sachs Gasse ein, gehen  weiter \u00fcber den Bischofsplatz, die f\u00e4rbergasse und dann links in die  Sporgasse bis zum Hauptplatz. Dort werden wir uns in gerader Richtung in  die Murgasse weiterbewegen und diese Z\u00dcGIG durchschreiten, sodass es in  der Murgasse nur kurzzeitig zu Beeintr\u00e4chtigungen des  Stra\u00dfenbahnverkehrs kommen wird. Danach werden wir die Hauptbr\u00fccke auf  dem gehsteig \u00fcberqueren und auf den S\u00fcdtriolerplatz gehen. Im Bereich  Hauptbr\u00fccke und S\u00fcdtirolerplatz wird der Stra\u00dfenbahnverkehr NICHT  BEHINDERT. Am S\u00fcdtirolerplatz wenden wir uns nach rechts in die  mariahilferstra\u00dfe hinter dem Kunsthaus. Unser weiterer Weg f\u00fchrt uns  durch die Josefigasse, die Volksgartenstra\u00dfe bis zum Volksgartenpark. Im  Volksgartenpark werden wir unsere Versammlung im Bereich des dortigen  Basketballplatzes beenden. Also danach werden wir uns h\u00f6chstens 10 min.  dort noch aufhalten damit die Versammlung aufgel\u00f6st werden kann.<\/p>\n<p>Jeder ist herzlichst eingeladen Reden auf verschiedene Sprachen (u.a  BKS, Arabisch, Deutsch, T\u00fcrkisch, Kurdisch, Englisch&#8230;.) vorzubereiten  und vorzutragen! Plakate, Flaggen etc&#8230; sind ebenfalls erw\u00fcnscht.<\/p>\n<p>Denn Menschenleben k\u00f6nnen nicht wichtiger sein als Macht und Territorium!<\/p>\n<p>GO FOR FREEDOM!<\/p><\/div>\n<\/div>\n<p><\/span><\/span><\/td>\n<\/tr>\n<\/tbody>\n<\/table>\n<\/li>\n<\/ul>\n<div>\n<div><a rel=\"theater\" href=\"http:\/\/www.facebook.com\/photo.php?fbid=4046344605569&amp;set=oa.442274589165849&amp;type=1&amp;relevant_count=1&amp;ref=nf\"><img loading=\"lazy\" decoding=\"async\" src=\"http:\/\/sphotos-g.ak.fbcdn.net\/hphotos-ak-ash3\/s480x480\/532255_4046344605569_521628589_n.jpg\" alt=\"Activists Around the World, United for Peace and Justice! Haben Sie schon mit Freunden geteilt??? :)\" width=\"398\" height=\"280\" \/><\/a><\/div>\n<\/div>\n<\/div>\n<\/div>\n<\/div>\n","protected":false},"excerpt":{"rendered":"<p>Demonstration in Graz am 25.11.12\u00a0\u00a0 12 Uhr\u00a0 Graz- Jakominiplatz (Steirerhof)<\/p>\n","protected":false},"author":2,"featured_media":0,"comment_status":"open","ping_status":"open","sticky":false,"template":"","format":"standard","meta":{"footnotes":""},"categories":[1,5,8,18,21],"tags":[],"class_list":["post-2602","post","type-post","status-publish","format-standard","hentry","category-allgemein","category-arabischer-raum","category-asiatischer-raum","category-palaestina-solidaritaet","category-veranstaltungshinweise"],"_links":{"self":[{"href":"https:\/\/www.friedensplattform.at\/index.php?rest_route=\/wp\/v2\/posts\/2602","targetHints":{"allow":["GET"]}}],"collection":[{"href":"https:\/\/www.friedensplattform.at\/index.php?rest_route=\/wp\/v2\/posts"}],"about":[{"href":"https:\/\/www.friedensplattform.at\/index.php?rest_route=\/wp\/v2\/types\/post"}],"author":[{"embeddable":true,"href":"https:\/\/www.friedensplattform.at\/index.php?rest_route=\/wp\/v2\/users\/2"}],"replies":[{"embeddable":true,"href":"https:\/\/www.friedensplattform.at\/index.php?rest_route=%2Fwp%2Fv2%2Fcomments&post=2602"}],"version-history":[{"count":0,"href":"https:\/\/www.friedensplattform.at\/index.php?rest_route=\/wp\/v2\/posts\/2602\/revisions"}],"wp:attachment":[{"href":"https:\/\/www.friedensplattform.at\/index.php?rest_route=%2Fwp%2Fv2%2Fmedia&parent=2602"}],"wp:term":[{"taxonomy":"category","embeddable":true,"href":"https:\/\/www.friedensplattform.at\/index.php?rest_route=%2Fwp%2Fv2%2Fcategories&post=2602"},{"taxonomy":"post_tag","embeddable":true,"href":"https:\/\/www.friedensplattform.at\/index.php?rest_route=%2Fwp%2Fv2%2Ftags&post=2602"}],"curies":[{"name":"wp","href":"https:\/\/api.w.org\/{rel}","templated":true}]}}