{"id":2630,"date":"2012-12-05T08:02:07","date_gmt":"2012-12-05T06:02:07","guid":{"rendered":"http:\/\/www.luxorbis.org\/friedensplattform.at\/?p=2630"},"modified":"2012-12-05T08:02:07","modified_gmt":"2012-12-05T06:02:07","slug":"nato-droht-mit-krieg","status":"publish","type":"post","link":"https:\/\/www.friedensplattform.at\/?p=2630","title":{"rendered":"NATO droht mit Krieg"},"content":{"rendered":"<div id=\"ID_Date\">junge Welt 05.12.2012<\/div>\n<address>Von Karin Leukefeld<\/address>\n<div>\n<table border=\"0\" width=\"50\" summary=\"Designtabelle\">\n<tbody>\n<tr>\n<td><a> <img decoding=\"async\" id=\"img41587\" src=\"http:\/\/www.jungewelt.de\/serveImage.php?id=41587&amp;ext=.jpg\" alt=\"US-Au\u00dfenministerin Hillary Clinton mit ihren britischen un\" \/> <\/a><\/p>\n<div>US-Au\u00dfenministerin Hillary Clinton mit ihren  britischen und t\u00fcrkischen Amtskollegen William Hague (M.) und Ahmet  Davutoglu (l.) am Dienstag in Br\u00fcssel<!--more--><\/div>\n<\/td>\n<\/tr>\n<\/tbody>\n<\/table>\n<\/div>\n<p>Die NATO hat Syrien mit \u00bbKonsequenzen\u00ab gedroht, falls das Regime im  B\u00fcrgerkrieg Chemiewaffen einsetzen sollte. Das syrische Au\u00dfenministerium  wies entsprechende Berichte \u00fcber Pl\u00e4ne, solche Waffen einzusetzen,  zur\u00fcck.<\/p>\n<p>Vor Beginn des Treffens der \u00adNATO-Au\u00dfenminister in Br\u00fcssel am Dienstag  sagte NATO-Generalsekret\u00e4r Anders Fogh Rasmussen, er erwarte \u00bbeine  sofortige Reaktion der internationalen Gemeinschaft\u00ab, sollte die  Regierung in Damaskus chemische Kampfstoffe einsetzen. Zuvor hatten  bereits US-Au\u00dfenministerin Hillary Clinton, US-Pr\u00e4sident Barack Obama  und Bundesau\u00dfenminister Guido Westerwelle \u00e4hnliche Warnungen  ausgesprochen. Westerwelle hatte am Dienstag morgen Damaskus vor einem  \u00bbv\u00f6llig inakzeptablen\u00ab Einsatz solcher Waffen gewarnt.<\/p>\n<p>Auf jW-Nachfrage, auf welche Berichte sich die Besorgnis der  Bundesregierung st\u00fctzten, da\u00df die syrische F\u00fchrung einen Einsatz von  Chemiewaffen plane, sagte eine Sprecherin des Ausw\u00e4rtigen Amtes, diese  Informationen unterl\u00e4gen der Geheimhaltung. Die britische BBC hatte  unter Berufung auf anonyme Geheimdienstberichte in Nachrichtenagenturen  \u00fcber eine entsprechende Gefahr berichtet. Ausf\u00fchrlich lie\u00df die BBC den  Leiter des James-Martin-Zentrums f\u00fcr Studien \u00fcber die Nichtverbreitung  von Massenvernichtungswaffen in Washington, Leonard Spector, \u00fcber eine  solche Gef\u00e4hrdung spekulieren.<\/p>\n<p>Der Vorsitzende der Syrischen Gesellschaft f\u00fcr die Vereinten Nationen,  George Jabbour, sagte auf jW-Anfrage, er sehe \u00bbkeinen Grund f\u00fcr dieses  Geschrei\u00ab. Die syrische Regierung habe wiederholt versichert, sollte sie  chemische Waffen haben, werde sie diese nicht einsetzen. Manche Staaten  versuchten offensichtlich, Syrien die Verletzung internationaler  Vertr\u00e4ge vorzuwerfen, um eine Intervention zu rechtfertigen.<\/p>\n","protected":false},"excerpt":{"rendered":"<p>junge Welt 05.12.2012 Von Karin Leukefeld US-Au\u00dfenministerin Hillary Clinton mit ihren britischen und t\u00fcrkischen Amtskollegen William Hague (M.) und Ahmet Davutoglu (l.) am Dienstag in Br\u00fcssel<\/p>\n","protected":false},"author":2,"featured_media":0,"comment_status":"open","ping_status":"open","sticky":false,"template":"","format":"standard","meta":{"footnotes":""},"categories":[1,5],"tags":[],"class_list":["post-2630","post","type-post","status-publish","format-standard","hentry","category-allgemein","category-arabischer-raum"],"_links":{"self":[{"href":"https:\/\/www.friedensplattform.at\/index.php?rest_route=\/wp\/v2\/posts\/2630","targetHints":{"allow":["GET"]}}],"collection":[{"href":"https:\/\/www.friedensplattform.at\/index.php?rest_route=\/wp\/v2\/posts"}],"about":[{"href":"https:\/\/www.friedensplattform.at\/index.php?rest_route=\/wp\/v2\/types\/post"}],"author":[{"embeddable":true,"href":"https:\/\/www.friedensplattform.at\/index.php?rest_route=\/wp\/v2\/users\/2"}],"replies":[{"embeddable":true,"href":"https:\/\/www.friedensplattform.at\/index.php?rest_route=%2Fwp%2Fv2%2Fcomments&post=2630"}],"version-history":[{"count":0,"href":"https:\/\/www.friedensplattform.at\/index.php?rest_route=\/wp\/v2\/posts\/2630\/revisions"}],"wp:attachment":[{"href":"https:\/\/www.friedensplattform.at\/index.php?rest_route=%2Fwp%2Fv2%2Fmedia&parent=2630"}],"wp:term":[{"taxonomy":"category","embeddable":true,"href":"https:\/\/www.friedensplattform.at\/index.php?rest_route=%2Fwp%2Fv2%2Fcategories&post=2630"},{"taxonomy":"post_tag","embeddable":true,"href":"https:\/\/www.friedensplattform.at\/index.php?rest_route=%2Fwp%2Fv2%2Ftags&post=2630"}],"curies":[{"name":"wp","href":"https:\/\/api.w.org\/{rel}","templated":true}]}}