{"id":2639,"date":"2012-12-08T10:50:11","date_gmt":"2012-12-08T08:50:11","guid":{"rendered":"http:\/\/www.luxorbis.org\/friedensplattform.at\/?p=2639"},"modified":"2012-12-08T10:50:11","modified_gmt":"2012-12-08T08:50:11","slug":"krieg-ist-keine-loesung","status":"publish","type":"post","link":"https:\/\/www.friedensplattform.at\/?p=2639","title":{"rendered":"Krieg ist keine L&#246;sung"},"content":{"rendered":"<h2>nicht f\u00fcr Afghanistan, Irak, Libyen, nicht f\u00fcr Syrien und Pal\u00e4stina.<!--more--><\/h2>\n<p>Wir verweigern uns dem Zwangsdenken von Kriegspropaganda,     Kriegsdrohungen und Kriegen. Wir setzen auf Verhandlungen und     Interessenausgleich.<\/p>\n<p>F\u00fcr uns gelten das V\u00f6lkerrecht und die Menschenrechte. Nicht aber     gewaltsamer Regimewechsel und das \u201eRecht\u201c des St\u00e4rkeren.     Konfliktursachen m\u00fcssen rechtzeitig erkannt und politisch beseitigt     werden.<br \/>\nDie Bundeswehr hat im Ausland nichts zu suchen. Neue Waffen     beschleunigen den Sozialabbau. R\u00fcstungsexporte bringen den Tod aus     Deutschland. Bundeswehreins\u00e4tze im Inneren besch\u00e4digen die     Demokratie.<br \/>\nWir engagieren uns f\u00fcr Frieden, Abr\u00fcstung, Solidarit\u00e4t,     Gerechtigkeit und\u00a0 das Recht auf demokratische Teilhabe.<br \/>\nWir wissen: Eine Welt ohne Krieg ist m\u00f6glich.<br \/>\nDiese Welt muss solidarisch erk\u00e4mpft werden.<\/p>\n<p>Weihnachtsanzeige der AG-Friedensforschung, soll am 24.12. in verschiedenen deutschen Zeitungen erscheinen.<\/p>\n<pre>http:\/\/www.<a href=\"http:\/\/www.ag-friedensforschung.de\/regionen\/Syrien\/konferenz.html\" target=\"_blank\">ag-friedensforschung<\/a>.de<\/pre>\n","protected":false},"excerpt":{"rendered":"<p>nicht f\u00fcr Afghanistan, Irak, Libyen, nicht f\u00fcr Syrien und Pal\u00e4stina.<\/p>\n","protected":false},"author":2,"featured_media":0,"comment_status":"open","ping_status":"open","sticky":false,"template":"","format":"standard","meta":{"footnotes":""},"categories":[1,3],"tags":[],"class_list":["post-2639","post","type-post","status-publish","format-standard","hentry","category-allgemein","category-antimilitarismus"],"_links":{"self":[{"href":"https:\/\/www.friedensplattform.at\/index.php?rest_route=\/wp\/v2\/posts\/2639","targetHints":{"allow":["GET"]}}],"collection":[{"href":"https:\/\/www.friedensplattform.at\/index.php?rest_route=\/wp\/v2\/posts"}],"about":[{"href":"https:\/\/www.friedensplattform.at\/index.php?rest_route=\/wp\/v2\/types\/post"}],"author":[{"embeddable":true,"href":"https:\/\/www.friedensplattform.at\/index.php?rest_route=\/wp\/v2\/users\/2"}],"replies":[{"embeddable":true,"href":"https:\/\/www.friedensplattform.at\/index.php?rest_route=%2Fwp%2Fv2%2Fcomments&post=2639"}],"version-history":[{"count":0,"href":"https:\/\/www.friedensplattform.at\/index.php?rest_route=\/wp\/v2\/posts\/2639\/revisions"}],"wp:attachment":[{"href":"https:\/\/www.friedensplattform.at\/index.php?rest_route=%2Fwp%2Fv2%2Fmedia&parent=2639"}],"wp:term":[{"taxonomy":"category","embeddable":true,"href":"https:\/\/www.friedensplattform.at\/index.php?rest_route=%2Fwp%2Fv2%2Fcategories&post=2639"},{"taxonomy":"post_tag","embeddable":true,"href":"https:\/\/www.friedensplattform.at\/index.php?rest_route=%2Fwp%2Fv2%2Ftags&post=2639"}],"curies":[{"name":"wp","href":"https:\/\/api.w.org\/{rel}","templated":true}]}}