{"id":2656,"date":"2012-12-13T07:43:45","date_gmt":"2012-12-13T05:43:45","guid":{"rendered":"http:\/\/www.luxorbis.org\/friedensplattform.at\/?p=2656"},"modified":"2012-12-13T07:43:45","modified_gmt":"2012-12-13T05:43:45","slug":"schuetzenhilfe-statt-frieden","status":"publish","type":"post","link":"https:\/\/www.friedensplattform.at\/?p=2656","title":{"rendered":"Sch&#252;tzenhilfe statt Frieden"},"content":{"rendered":"<p>derFreitag, 11.12.12\u00a0\u00a0\u00a0\u00a0\u00a0 Hans Springstein<\/p>\n<div>\n<h3><span>Syrien<\/span> Die Politiker der f\u00fchrenden westlichen Staaten behaupten, f\u00fcr  eine friedliche L\u00f6sung in Syrien einzutreten und unterst\u00fctzen jene, die  den verdeckten Krieg fortsetzen<\/h3>\n<div>\n<p><!--more-->Diese Schlagzeile des \u00f6sterreichischen <a href=\"http:\/\/derstandard.at\/1353208767905\/EU-gibt-Syriens-Opposition-Schuetzenhilfe\" target=\"_blank\"><em>Standard<\/em> vom 10. Dezember 2012 <\/a>sagt  mehr aus als wahrscheinlich gemeint ist: &#8222;EU gibt Syriens Opposition  Sch\u00fctzenhilfe&#8220;. Das letzte Wort ist so bezeichnend f\u00fcr das, was hinter  der angeblich rein zivilen Hilfe der westlichen Staaten f\u00fcr jene steckt,  die Syriens Pr\u00e4sident Bashar al-Assad um jeden Preis st\u00fcrzen wollen.<\/p>\n<p>Es wird weiter geheuchelt und gelogen. So erkl\u00e4rte der bundesdeutsche  Au\u00dfenminister Guido Westerwelle, die vom Westen im November in  Doha\/Katar zusammengezimmerte &#8222;Syrische Nationale Koalition&#8220; vertrete  &#8222;die legitimen Interessen des syrischen Volkes&#8220;. Auf welcher Grundlage  das geschieht, wird nicht erkl\u00e4rt. Zur Erinnerung: &#8222;Nicht teilgenommen  an der Konferenz\u00a0haben der NCC (Nationaler Koordinationsrat f\u00fcr  demokratischen Wandel in Syrien) \u2013 ein Zusammenschluss von 13  Organisationen -, die Gruppe \u201eDen syrischen Staat aufbauen\u201c (Louey  Hussain, Mona Ghanem) und al-Minbar (Samir Aita, Michel Kilo usw.).&#8220; Das  berichtete das<em> Informationsprojekt Naher und Mittlerer Osten e.V.<\/em> <em>(inamo)<\/em> auf seiner Homepage: &#8222;<a href=\"http:\/\/www.inamo.de\/index.php\/syrien.html\" target=\"_blank\">Doha Choreographie, inszeniert vom Robert Ford-Team. (R.F. fr\u00fcherer US-Botschafter in Syrien)<\/a>&#8222;.  Bei den in Doha Abwesenden handelt es sich immerhin um f\u00fchrende  Vertreter der innersyrischen Opposition. Aber das k\u00fcmmert die EU, die  USA und ihre arabischen Freunde nicht weiter. Sie lassen die sogenannte  Koalition schon mal eine Regierung nach dem angestrebten Sturz Assads  vorbereiten. (<a href=\"http:\/\/de.ria.ru\/world\/20121211\/265118763.html\" target=\"_blank\"><em>RIA Novosti<\/em>, 11. Dezember 2012<\/a>)  Bei dem entsprechenden Treffen in Marokko am 12. Dezember soll die  sogenannte Koalition &#8222;Diplomaten zufolge auch von den Vereinigten  Staaten und Deutschland als\u00a0 legitime Vertretung des syrischen Volkes  anerkannt werden&#8220;, <a href=\"http:\/\/www.faz.net\/aktuell\/politik\/arabische-welt\/syrien-al-qaida-verbuendete-verfuegen-offenbar-ueber-chemische-waffen-11987619.html\" target=\"_blank\">k\u00fcndigte die <em>FAZ<\/em> an<\/a>. Sie sind sich ihrer Sache sicher: &#8222;Das Regime Assad wird nicht \u00fcberleben&#8220;, sagte <a href=\"http:\/\/www.faz.net\/aktuell\/politik\/inland\/bnd-chef-gerhard-schindler-das-regime-assad-wird-nicht-ueberleben-11986739.html\" target=\"_blank\">BND-Chef <span>Gerhard Schindler<\/span> der <em>FAZ am Sonntag<\/em><\/a>. Daf\u00fcr wird jegliche Sch\u00fctzenhilfe geleistet, auch die im wahrsten Sinne des Wortes.<\/p>\n<p>Und so spricht sich der britische Aussenminister William Hague schon  jetzt f\u00fcr direkte Waffenlieferungen an die bewaffneten Gruppen  verschiedener Provenienz in Syrien aus, die von den westlichen  Mainstream-Medien immer noch f\u00e4lschlicherweise als &#8222;Opposition&#8220;  bezeichnet werden. Die indirekten Lieferungen mit Hilfe der T\u00fcrkei und  Staaten wie Katar und Libyen reichen anscheinend\u00a0 nicht. L\u00e4ngst wird  aktiv milit\u00e4rische Hilfe geleistet, worauf ich schon mehrmals  hingewiesen habe. Der Befehlshaber der britischen Streitkr\u00e4fte, Sir  David Richards, traf sich vor einigen Wochen in London\u00a0 mit ranghohen  Milit\u00e4rs aus Frankreich, der T\u00fcrkei, Jordanien, Katar, den Vereinigten  Arabischen Emiraten sowie mit einem ungenannten US-General. Dabei soll  unter anderem um Milit\u00e4rausbilder f\u00fcr die bewaffneten &#8222;Rebellen&#8220;  gegangen sein. &#8222;Zudem stehe auch die Hilfe von See her und aus der Luft  zur Diskussion&#8220;, <a href=\"http:\/\/de.ria.ru\/world\/20121211\/265116847.html\" target=\"_blank\">meldet <em>RIA Novosti<\/em> <\/a>und bezieht sich auf die britische Zeitung <em>The Independent<\/em>.<\/p>\n<p>Die Teilnahme des US-Milit\u00e4rs an dem Treffen ist einer der Fakten,  die der offiziellen Behauptung der US-Regierung widersprechen, nur  &#8222;nichtmilit\u00e4rische Hilfe&#8220; zu leisten. (<a href=\"http:\/\/de.ria.ru\/world\/20121211\/265116328.html\" target=\"_blank\"><em>RIA Novosti<\/em>, 11. Dezember 2012<\/a>)  Anfang November trafen sich parallel zu der Gr\u00fcndungsveranstaltung der  &#8222;Nationalen Koalition&#8220; in Doha Vertreter der bewaffneten Gruppen in  Syrien mit ausl\u00e4ndischen Milit\u00e4rs sechs Tage lang in der saudischen  Hauptstadt Riad, war am <a href=\"http:\/\/www.freitag.de\/autoren\/hans-springstein\/syrien-soll-nicht-zur-ruhe-kommen\">28. November 2012 in<\/a> <em>Neues Deutschland<\/em> zu lesen.<\/p>\n<p>Bei <a href=\"http:\/\/www.counterpunch.org\/2012\/11\/02\/flooding-syria-with-foreign-arms\/\" target=\"_blank\"><em>Counterpunch.org<\/em> ver\u00f6ffentlichte Franklin Lamb<\/a> Anfang November e<span><span>ine Liste<\/span> <span>der Top<\/span> <span>24 L\u00e4nder<\/span> <span>unter den mehr als<\/span> <span>drei Dutzend<\/span><span>, die derzeit in die illegalen Waffenlieferungen an die &#8222;Rebellen&#8220; in S<\/span><span>yrien involviert sind<\/span><span>: USA<\/span><span>, Irak, Libanon<\/span><span>, Israel,<\/span> <span>T\u00fcrkei, Katar<\/span><span>, Saudi<\/span><span>-Arabien, Jemen<\/span><span>, Bahrain<\/span><span>, UK,<\/span> <span>Frankreich, Kanada<\/span><span>, Belgien, Deutschland<\/span><span>, \u00d6sterreich, Brasilien<\/span><span>, Portugal,<\/span> <span>Polen, Jugoslawien<\/span><span>, Tschechien,<\/span> <span>Bulgarien, Italien<\/span><span>, Spanien und<\/span> <span>Argentinien. <\/span><span>Fast zwei Drittel<\/span> <span>der oben genannten<\/span> <span>Waffenlieferanten<\/span><span> sind Mitglieder<\/span> <span>der NATO<\/span><span>.<\/span><\/span><\/p>\n<p><span><span>Als Anfang Dezember bei einem Treffen in der T\u00fcrkei die  bewaffenten Gruppen sich auf ein gemeinsames Kommando verst\u00e4ndigten,  geschah das wieder nicht ohne den Westen. &#8222;An der Zusammenkunft in dem  Badeort Antalya nahmen auch Sicherheitsvertreter der USA,  Gro\u00dfbritanniens, Frankreichs und der Golfstaaten teil.&#8220; (<a href=\"http:\/\/derstandard.at\/1353208593512\/Islamisten-dominieren-syrisches-Rebellenkommando\" target=\"_blank\"><em>Der Standard<\/em>, 7. Dezember 2012<\/a>)  Dass das Kommando anscheinend von islamistischen Gruppen dominiert ist,  scheint nicht weiter zu st\u00f6ren. Nur die Kommandeure der inzwischen von  der US-Regierung als Terrororganisation klassifizierten\u00a0 Al-Nusra-Front  d\u00fcrfen nicht mitmachen. (<a href=\"http:\/\/www.faz.net\/aktuell\/politik\/arabische-welt\/syrien-al-qaida-verbuendete-verfuegen-offenbar-ueber-chemische-waffen-11987619.html\" target=\"_blank\"><em>FAZ<\/em>, 9. Dezember 2012<\/a>)<\/span><\/span><\/p>\n<p><span><span>Die Menschen in dem von dem verdeckten Krieg geschundenen  Land interessieren dabei nicht. Sie f\u00fchlen sich wie &#8222;zwischen Hammer  und Amboss&#8220;, wie eine unter dem Pseudonym Anna Haq arbeitende syrische  Schriftstellerin <a href=\"http:\/\/www.counterpunch.org\/2012\/12\/07\/between-the-hammer-and-the-anvil\/\" target=\"_blank\">bei <em>counterpunch.org<\/em> berichtete<\/a>. <span id=\"result_box\"><span>D<\/span><span>ie Menschen in<\/span> <span>Syrien<\/span> <span>wollten<\/span><span> &#8222;ein Ende<\/span> <span>dieses barbarischen<\/span> <span>Kampfes<\/span><span>&#8222;, schreibt sie. Sie wollten &#8222;<\/span><span>nat\u00fcrlich<\/span> <span>Demokratie und<\/span> <span>Freiheit, aber<\/span> <span>nicht so<\/span>&#8222;<span>.<\/span> <span>Sie f\u00fchlen sich &#8222;<\/span><span>doppelt<\/span> <span>betrogen&#8220;, zitiert die Autorin einen Bewohner von Damaskus, einmal <\/span><span>von<\/span> <span>einer Revolution, die ihre Bedingungen nicht beschreibe und sich selbst isoliert habe,<\/span> <span>und das zweite Mal<\/span> <span>von einer Regierung<\/span><span>, die<\/span> bei ihrer Aufgabe, <span>die Bev\u00f6lkerung zu sch\u00fctzen,<\/span> <span>gescheitert<\/span> <span>sei.<\/span><\/span><\/span><\/span><\/div>\n<\/div>\n<h3><span>Kommentare<\/span> <span> (11) <\/span><\/h3>\n<div>\n<div><a href=\"http:\/\/www.freitag.de\/autoren\/hans-springstein\"> <img loading=\"lazy\" decoding=\"async\" title=\"Hans Springstein\" src=\"http:\/\/www.freitag.de\/autoren\/hans-springstein\/@@images\/6e7ae217-305f-4b30-b540-8398a02e0846.jpeg\" alt=\"Hans Springstein\" width=\"50\" height=\"50\" \/><\/a><\/div>\n<div><a href=\"http:\/\/www.freitag.de\/autoren\/hans-springstein\">Hans Springstein<\/a> <a href=\"http:\/\/www.freitag.de\/autoren\/hans-springstein\/schuetzenhilfe-statt-frieden#1355253372519282\"> 11.12.2012 |                 20:16<\/a><\/p>\n<div>\n<p>Nachtrag: <a href=\"http:\/\/www.jungewelt.de\/2012\/12-12\/044.php\" target=\"_blank\">In der <em>jungen Welt<\/em> vom 12. Dezember 2012<\/a> schreibt Joachim Guilliard \u00fcber einen Aufruf f\u00fcr Freiheit statt  Frieden: &#8222;Angesichts des eskalierenden Krieges in Syrien sollte der  Stopp der Gewaltspirale f\u00fcr alle, denen das Wohl der syrischen  Bev\u00f6lkerung am Herzen liegt, oberste Priorit\u00e4t haben. Die Frankfurter  Hilfsorganisation medico international und ihre Mitstreiter in der  Initiative \u00bbAdopt a Revolution\u00ab, die sich seit einem Jahr bem\u00fchen,  Oppositionsgruppen \u00fcber \u00bbPatenschaften\u00ab finanzielle Unterst\u00fctzung  zukommen zu lassen, sehen dies offenbar anders. Sie fordern in einem  \u00bbAufruf zur Unterst\u00fctzung zivilgesellschaftlicher Initiativen in Syrien\u00ab  trotz eines von au\u00dfen gesch\u00fcrten Krieges vorrangig \u00bbBeistand\u00ab f\u00fcr die  \u00bbFreiheit\u00ab. Zwar werden in ihrem am Montag ver\u00f6ffentlichten Appell auch  Gewalt und Zerst\u00f6rung beklagt und die \u00bbGefahr einer Regionalisierung des  Krieges\u00ab erw\u00e4hnt, unbeirrt halten die Revolutionspaten jedoch am Ziel  eines Umsturzes fest. In ihrer Sicht hat die ganze junge Generation  \u00bbihren Willen zur Freiheit erkl\u00e4rt\u00ab, es gebe f\u00fcr diese \u00bbkeinen Weg  zur\u00fcck\u00ab.&#8220;<\/div>\n<p><a title=\"Loggen Sie sich ein, um einen Kommentar zu hinterlassen.\" href=\"http:\/\/www.freitag.de\/login?came_from=http:\/\/www.freitag.de\/autoren\/hans-springstein\/schuetzenhilfe-statt-frieden#1355253372519282\">Loggen Sie sich ein, um einen Kommentar zu hinterlassen.<\/a><\/div>\n<\/div>\n<div>\n<div><a href=\"http:\/\/www.freitag.de\/autoren\/hans-springstein\"> <img loading=\"lazy\" decoding=\"async\" title=\"Hans Springstein\" src=\"http:\/\/www.freitag.de\/autoren\/hans-springstein\/@@images\/6e7ae217-305f-4b30-b540-8398a02e0846.jpeg\" alt=\"Hans Springstein\" width=\"50\" height=\"50\" \/><\/a><\/div>\n<div><a href=\"http:\/\/www.freitag.de\/autoren\/hans-springstein\">Hans Springstein<\/a> <a href=\"http:\/\/www.freitag.de\/autoren\/hans-springstein\/schuetzenhilfe-statt-frieden#1355301078570957\"> 12.12.2012 |                 09:31<\/a><\/p>\n<div>\n<p>Nachtrag 2: &#8222;Die Anerkennung der Nationalen Koalition  in Syrien als legitimes Machtgremium widerspricht laut Russlands  Au\u00dfenminister Sergej Lawrow den Genfer Vereinbarungen und zeugt davon,  dass Washington auf einen gewaltsamen Sieg dieser Koalition gesetzt  hat.&#8220; (<a href=\"http:\/\/de.rian.ru\/politics\/20121212\/265127014.html\" target=\"_blank\"><em>RIA Novosti<\/em>, 12.12.12<\/a>)<\/div>\n<p><a title=\"Loggen Sie sich ein, um einen Kommentar zu hinterlassen.\" href=\"http:\/\/www.freitag.de\/login?came_from=http:\/\/www.freitag.de\/autoren\/hans-springstein\/schuetzenhilfe-statt-frieden#1355301078570957\">Loggen Sie sich ein, um einen Kommentar zu hinterlassen.<\/a><\/div>\n<\/div>\n<div>\n<div><a href=\"http:\/\/www.freitag.de\/autoren\/hans-springstein\"> <img loading=\"lazy\" decoding=\"async\" title=\"Hans Springstein\" src=\"http:\/\/www.freitag.de\/autoren\/hans-springstein\/@@images\/6e7ae217-305f-4b30-b540-8398a02e0846.jpeg\" alt=\"Hans Springstein\" width=\"50\" height=\"50\" \/><\/a><\/div>\n<div><a href=\"http:\/\/www.freitag.de\/autoren\/hans-springstein\">Hans Springstein<\/a> <a href=\"http:\/\/www.freitag.de\/autoren\/hans-springstein\/schuetzenhilfe-statt-frieden#1355303053703385\"> 12.12.2012 |                 10:04<\/a><\/p>\n<div>\n<p>Nachtrag 3: &#8222;Mit der Gr\u00fcndung eines Milit\u00e4rrates durch  einen Teil der Aufst\u00e4ndischen haben diese die Bedingung erf\u00fcllt, um  westliche Waffenlieferungen zu erhalten. Der Rat soll der \u00bbNationalen  Koalition\u00ab unterstellt werden.<br \/>\nLetztere soll deshalb so eilig  anerkannt werden, weil der Westen, der seine Politik gegen die arabische  Republik im Kreis der \u00bbFreunde Syriens\u00ab koordiniert, offenbar ein  weiteres Erstarken islamistischer K\u00e4mpfer in den Reihen der  Aufst\u00e4ndischen verhindern will. Nach einem Bericht der libanesischen  Tageszeitung As Safir befinden sich derzeit <strong>Geheimdienstagenten aus den USA, Frankreich und Gro\u00dfbritannien in den Gouvernements Homs, Idlib und Aleppo<\/strong>,  um sich selbst ein Bild von der Lage zu verschaffen. Eine erste Analyse  geht davon aus, da\u00df mindestens ein Drittel der K\u00e4mpfer in Syrien  Al-Qaida zuzurechnen sind. Dieser Organisation will der Westen nicht mit  Waffen unter die Arme greifen, hei\u00dft es in dem Bericht von As Safir.  Katar und Saudi-Arabien hingegen lieferten sich einen Wettstreit, wer  die meisten und besseren Waffen an Islamisten und Salafisten in Syrien  schmuggele.&#8220; (<em>junge Welt<\/em>, 12.12.12; leider online nicht frei zug\u00e4nglich)<\/div>\n<div><a href=\"http:\/\/www.freitag.de\/autoren\/hans-springstein\">Hans Springstein<\/a> <a href=\"http:\/\/www.freitag.de\/autoren\/hans-springstein\/schuetzenhilfe-statt-frieden#1355303399787294\"> 12.12.2012 |                 10:09<\/a><\/p>\n<div>\n<p>Und noch ein nachtrag, auch aus der <em>jW<\/em> vom  12.12.12: &#8222;Annan hatte k\u00fcrzlich die USA und ihre westlichen Partner im  UN-Sicherheitsrat kritisiert, das Genfer Abkommen vom Juni 2012  torpediert zu haben. Die Vereinbarung, die von allen Au\u00dfenministern der  Vetom\u00e4chte unterzeichnet worden war, sah eine \u00dcbergangsregierung aus  Vertretern des amtierenden Kabinetts und der Opposition in Syrien vor.  Diese sollte eine verfassunggebende Versammlung einleiten und Neuwahlen  vorbereiten. Der syrische Pr\u00e4sident Baschar Al-Assad hatte gegen\u00fcber  Kofi Annan seine Zustimmung zu dem Abkommen erkl\u00e4rt. Unmittelbar darauf  hatten die USA, Frankreich und Gro\u00dfbritannien im UN-Sicherheitsrat  sch\u00e4rfere Ma\u00dfnahmen gegen Syrien nach Kapitel 7 der UN-Charta gefordert  und die Vereinbarung ignoriert.&#8220;<\/p>\n<p>Hans Springstein<\/p>\n<p>Quelle: derFreitag, 11.12.12<\/p><\/div>\n<\/div>\n<\/div>\n<\/div>\n","protected":false},"excerpt":{"rendered":"<p>derFreitag, 11.12.12\u00a0\u00a0\u00a0\u00a0\u00a0 Hans Springstein Syrien Die Politiker der f\u00fchrenden westlichen Staaten behaupten, f\u00fcr eine friedliche L\u00f6sung in Syrien einzutreten und unterst\u00fctzen jene, die den verdeckten Krieg fortsetzen<\/p>\n","protected":false},"author":2,"featured_media":0,"comment_status":"open","ping_status":"open","sticky":false,"template":"","format":"standard","meta":{"footnotes":""},"categories":[1,5],"tags":[],"class_list":["post-2656","post","type-post","status-publish","format-standard","hentry","category-allgemein","category-arabischer-raum"],"_links":{"self":[{"href":"https:\/\/www.friedensplattform.at\/index.php?rest_route=\/wp\/v2\/posts\/2656","targetHints":{"allow":["GET"]}}],"collection":[{"href":"https:\/\/www.friedensplattform.at\/index.php?rest_route=\/wp\/v2\/posts"}],"about":[{"href":"https:\/\/www.friedensplattform.at\/index.php?rest_route=\/wp\/v2\/types\/post"}],"author":[{"embeddable":true,"href":"https:\/\/www.friedensplattform.at\/index.php?rest_route=\/wp\/v2\/users\/2"}],"replies":[{"embeddable":true,"href":"https:\/\/www.friedensplattform.at\/index.php?rest_route=%2Fwp%2Fv2%2Fcomments&post=2656"}],"version-history":[{"count":0,"href":"https:\/\/www.friedensplattform.at\/index.php?rest_route=\/wp\/v2\/posts\/2656\/revisions"}],"wp:attachment":[{"href":"https:\/\/www.friedensplattform.at\/index.php?rest_route=%2Fwp%2Fv2%2Fmedia&parent=2656"}],"wp:term":[{"taxonomy":"category","embeddable":true,"href":"https:\/\/www.friedensplattform.at\/index.php?rest_route=%2Fwp%2Fv2%2Fcategories&post=2656"},{"taxonomy":"post_tag","embeddable":true,"href":"https:\/\/www.friedensplattform.at\/index.php?rest_route=%2Fwp%2Fv2%2Ftags&post=2656"}],"curies":[{"name":"wp","href":"https:\/\/api.w.org\/{rel}","templated":true}]}}