{"id":2662,"date":"2012-12-17T07:04:00","date_gmt":"2012-12-17T05:04:00","guid":{"rendered":"http:\/\/www.luxorbis.org\/friedensplattform.at\/?p=2662"},"modified":"2012-12-17T07:04:00","modified_gmt":"2012-12-17T05:04:00","slug":"nein-zu-lynchdrohung","status":"publish","type":"post","link":"https:\/\/www.friedensplattform.at\/?p=2662","title":{"rendered":"Nein zu Lynchdrohung"},"content":{"rendered":"<h3>jungeWelt\u00a0\u00a0\u00a0\u00a0 17.12.12<\/h3>\n<p>Nach jW vorliegenden Informationen hat der in Paris lebende Publizist,   Soziologe und Politikwissenschaftler Alfred Grosser seine Unterschrift   unter einen offenen Brief an den syrischen Pr\u00e4sidenten Baschar Al-Assad   (siehe jW vom 13. Dezember, Seite eins) zur\u00fcckgezogen.<!--more--><\/p>\n<address>Von Arnold Sch\u00f6lzel<\/address>\n<div>\n<div>\n<table border=\"0\" width=\"50\" summary=\"Designtabelle\">\n<tbody>\n<tr>\n<td><a> <img decoding=\"async\" id=\"img41781\" src=\"http:\/\/www.jungewelt.de\/serveImage.php?id=41781&amp;ext=.jpg\" alt=\"Alfred Grosser: Die Schlu\u00dfdrohungen des Briefes sind nicht\" \/> <\/a><\/p>\n<div>Alfred Grosser: Die Schlu\u00dfdrohungen des Briefes sind nicht akzeptabel<\/div>\n<div>Foto: dapd<\/div>\n<\/td>\n<\/tr>\n<\/tbody>\n<\/table>\n<\/div>\n<p>Der Text des  Briefes wurde am 7. Dezember der \u00d6ffentlichkeit zug\u00e4nglich gemacht, am  9. Dezember in der franz\u00f6sischen Tageszeitung Lib\u00e9ration ver\u00f6ffentlicht,  aber erst Mitte vergangener Woche \u00fcber deutsche Nachrichtenagenturen  verbreitet. Den Text unterzeichneten sechs Tr\u00e4ger des Friedenspreises  des Deutschen Buchhandels: Alfred Grosser, David Grossman, Claudio  Magris, Orhan Pamuk, Boualem Sansal und Martin Walser. Grosser, der die  Auszeichnung 1975 erhielt, teilte dem B\u00f6rsenverein des Deutschen  Buchhandels am Sonnabend mit, \u00bbdie Schlu\u00dfdrohungen\u00ab des Briefes seien  \u00bbwirklich nicht akzeptabel\u00ab. Er habe noch nie ein Jawort zur\u00fcckgezogen,  \u00bbausnahmsweise\u00ab nehme er dieses zur\u00fcck. Weder Grosser noch ein Sprecher  des B\u00f6rsenvereins des Deutschen Buchhandels waren am Sonntag f\u00fcr eine  Stellungnahme erreichbar.<\/p>\n<p>Die von Grosser bezeichnete Passage des Briefes hat folgenden Wortlaut:  \u00bbAbgesehen von dieser L\u00f6sung (R\u00fccktritt, Verhandlungen, Ausreise \u2013 d.  Red.) gibt es nur eine andere f\u00fcr Sie, auch wenn das f\u00fcr Ihre Familie  bedauerlich w\u00e4re: entweder get\u00f6tet zu werden wie Saddam Hussein oder  Muammar Al-Ghaddafi, oder ein Leben im Gef\u00e4ngnis in einer sterilen Zelle  in Den Haag.\u00ab<\/p>\n<p>Der offene Brief wurde im Namen einer \u00bbVereinigung der Schriftsteller  f\u00fcr den Frieden\u00ab verfa\u00dft. Die Initiative wurde von David Grossman und  Boualem Sansal Anfang Oktober mit einem \u00bbStra\u00dfburger Appell\u00ab, dem sich  etwa 140 Schriftsteller anschlossen, ins Leben gerufen. Bei der  Vorstellung der Vereinigung auf der Frankfurter Buchmesse war auch  Alfred Grosser anwesend. Als k\u00fcnftiger Generalsekret\u00e4r der Organisation  wurde dort Denis Huber, Direktor des Zentrums Nord-S\u00fcd beim Europarat,  vorgestellt.<\/p>\n<p>Am Freitag hatte sich u. a. der Verband \u00bbArbeiterfotografie\u00ab an Grosser  gewandt, sein Bedauern \u00fcber dessen Unterschrift ausgedr\u00fcckt und ihn  gebeten, mit Hinblick auf die Schlu\u00dfpassage seine Unterst\u00fctzung zu  pr\u00fcfen.<\/p>\n<p>Ebenfalls am Sonnabend kritisierte das Istanbuler  Nazim-Hikmet-Kulturzentrum in einer Presseerkl\u00e4rung den t\u00fcrkischen  Literaturnobelpreistr\u00e4ger Orhan Pamuk wegen seiner Unterschrift unter  den Brief. Das Zentrum schreibt u. a.: \u00bbDiese Autoren sind offen  Werkzeuge der NATO geworden. (&#8230;) Der t\u00fcrkische Nobelpreistr\u00e4ger (\u2026)  repr\u00e4sentiert nicht die Intellektuellen und die \u00d6ffentlichkeit der  T\u00fcrkei.\u00ab<\/p>\n<p>Bereits am Donnerstag hatte der Liedermacher Konstantin Wecker seine  Unterst\u00fctzung f\u00fcr den Syrien-Aufruf \u00bbFreiheit braucht Beistand\u00ab von  \u00bbmedico international\u00ab und \u00bbAdopt a Revolution\u00ab zur\u00fcckgezogen (siehe jW  vom 14. Dezember). Er erkl\u00e4rte, da\u00df einer der Hauptinitiatoren von  \u00bbAdopt a Revolution\u00ab, Ferhad Ahma, zum Krieg in Syrien gesagt habe: \u00bbIch  glaube, um schnellstm\u00f6glichst einen Sturz des Regimes herbeizuf\u00fchren,  brauchen die Rebellen nach wie vor effiziente und bessere Waffen.  Ansonsten wird dieser Kampf sich noch in die L\u00e4nge ziehen.\u00ab Zu den 60  Erstunterzeichnern geh\u00f6rten SPD-Generalsekret\u00e4rin Andrea Nahles, die  Gr\u00fcnen-Vorsitzende Claudia Roth, die Linkspartei-Vorsitzende Katja  Kipping, der Schriftsteller Navid Kermani, der Theologe Friedrich  Schorlemmer und ATTAC-Beiratsmitglied Elmar Altvater.<\/p><\/div>\n","protected":false},"excerpt":{"rendered":"<p>jungeWelt\u00a0\u00a0\u00a0\u00a0 17.12.12 Nach jW vorliegenden Informationen hat der in Paris lebende Publizist, Soziologe und Politikwissenschaftler Alfred Grosser seine Unterschrift unter einen offenen Brief an den syrischen Pr\u00e4sidenten Baschar Al-Assad (siehe jW vom 13. Dezember, Seite eins) zur\u00fcckgezogen.<\/p>\n","protected":false},"author":2,"featured_media":0,"comment_status":"open","ping_status":"open","sticky":false,"template":"","format":"standard","meta":{"footnotes":""},"categories":[1],"tags":[],"class_list":["post-2662","post","type-post","status-publish","format-standard","hentry","category-allgemein"],"_links":{"self":[{"href":"https:\/\/www.friedensplattform.at\/index.php?rest_route=\/wp\/v2\/posts\/2662","targetHints":{"allow":["GET"]}}],"collection":[{"href":"https:\/\/www.friedensplattform.at\/index.php?rest_route=\/wp\/v2\/posts"}],"about":[{"href":"https:\/\/www.friedensplattform.at\/index.php?rest_route=\/wp\/v2\/types\/post"}],"author":[{"embeddable":true,"href":"https:\/\/www.friedensplattform.at\/index.php?rest_route=\/wp\/v2\/users\/2"}],"replies":[{"embeddable":true,"href":"https:\/\/www.friedensplattform.at\/index.php?rest_route=%2Fwp%2Fv2%2Fcomments&post=2662"}],"version-history":[{"count":0,"href":"https:\/\/www.friedensplattform.at\/index.php?rest_route=\/wp\/v2\/posts\/2662\/revisions"}],"wp:attachment":[{"href":"https:\/\/www.friedensplattform.at\/index.php?rest_route=%2Fwp%2Fv2%2Fmedia&parent=2662"}],"wp:term":[{"taxonomy":"category","embeddable":true,"href":"https:\/\/www.friedensplattform.at\/index.php?rest_route=%2Fwp%2Fv2%2Fcategories&post=2662"},{"taxonomy":"post_tag","embeddable":true,"href":"https:\/\/www.friedensplattform.at\/index.php?rest_route=%2Fwp%2Fv2%2Ftags&post=2662"}],"curies":[{"name":"wp","href":"https:\/\/api.w.org\/{rel}","templated":true}]}}