{"id":2668,"date":"2012-12-17T07:22:16","date_gmt":"2012-12-17T05:22:16","guid":{"rendered":"http:\/\/www.luxorbis.org\/friedensplattform.at\/?p=2668"},"modified":"2012-12-17T07:22:16","modified_gmt":"2012-12-17T05:22:16","slug":"grosse-kriegskoalition","status":"publish","type":"post","link":"https:\/\/www.friedensplattform.at\/?p=2668","title":{"rendered":"Gro&#223;e Kriegskoalition"},"content":{"rendered":"<address>Von Sebastian Carlens<\/address>\n<div>\n<div>\n<table border=\"0\" width=\"50\" summary=\"Designtabelle\">\n<tbody>\n<tr>\n<td><a> <img decoding=\"async\" id=\"img41712\" src=\"http:\/\/www.jungewelt.de\/serveImage.php?id=41712&amp;ext=.jpg\" alt=\"No Patriots: Mitglieder der Linkspartei demonstrierten am Mittwo\" \/> <\/a><\/p>\n<div>No Patriots: Mitglieder der Linkspartei demonstrierten am Mittwoch in Berlin gegen Bundeswehr-Stationierung in der T\u00fcrkei<\/div>\n<div>Foto: dpa<!--more--><\/div>\n<\/td>\n<\/tr>\n<\/tbody>\n<\/table>\n<\/div>\n<p>Am Freitag soll der Bundestag \u00fcber den n\u00e4chsten internationalen Einsatz  der Bundeswehr abstimmen; am gestrigen Mittwoch befa\u00dfte er sich mit der  Stationierung von Luftabwehrraketen an der t\u00fcrkischen Grenze zu Syrien.  Dabei warb die Regierung um breite Zustimmung: Die T\u00fcrkei sei das vom  syrischen B\u00fcrgerkrieg \u00bbam meisten betroffene Land\u00ab, sagte  Verteidigungsminister Thomas de Maizi\u00e8re (CDU) im Bundestag. Im November  hatte Ankara bei seinen NATO-Partnern um die Entsendung von  \u00bbPatriot\u00ab-Luftabwehrsystemen ersucht, der Milit\u00e4rpakt hatte am  vergangenen Dienstag einen entsprechenden Beschlu\u00df gefa\u00dft. Der  Mandatsantrag der Bundesregierung fordert nun \u2013 unter Berufung auf \u00bbdas  Recht auf kollektive Selbstverteidigung\u00ab \u2013 die Entsendung \u00bbbewaffneter  Streitkr\u00e4fte zur Verst\u00e4rkung der integrierten Luftverteidigung der  \u00adNATO\u00ab. Das Mandat soll bis Januar 2014 befristet sein, das Kommando  beim \u00adNATO-Oberbefehlshaber liegen. Bis zu 400 deutsche Soldaten k\u00f6nnen  ihren Marschbefehl erhalten.<\/p>\n<p>In Syrien tobt seit knapp zwei Jahren ein B\u00fcrgerkrieg zwischen der  Regierung unter Baschar Al-Assad und einer u.a. direkt von der T\u00fcrkei,  aber auch von Frankreich und Deutschland unterst\u00fctzten Opposition. Die  beiden angeforderten \u00bbPatriot\u00ab-Batterien sollen Anfang 2013 nahe der  s\u00fcdt\u00fcrkischen Stadt Kahramanmaras, rund 100 Kilometer von der Grenze  entfernt, stationiert werden, k\u00fcndigte Michael Link (FDP),  Staatssekret\u00e4r im Ausw\u00e4rtigen Amt, am Mittwoch an. Einer Meldung der  Nachrichtenagentur dpa zufolge hatte sich bereits am Dienstag eine  deutliche Mehrheit der SPD-Parlamentarier f\u00fcr die  Bundeswehrstationierung ausgesprochen. Auch seiner Fraktion wolle er die  Zustimmung empfehlen, k\u00fcndigte Omid Nouripour, sicherheitspolitischer  Sprecher der Gr\u00fcnen, am Mittwoch an.<\/p>\n<p>Linksparteivize Jan van Aken kritisierte die Haltung der anderen  Oppositionsparteien als \u00bbnicht nachvollziehbar\u00ab. Syrien bedrohe die  T\u00fcrkei nicht, gegen die Chemiewaffenarsenale seien \u00bbPatriot\u00ab-Raketen  au\u00dferdem nicht verwendungsf\u00e4hig. Die Argumente erinnerten ihn an die  US-Propaganda gegen den Irak vor zehn Jahren: \u00bbWenn Sie noch einmal die  Chemiewaffen als Argument anf\u00fchren, dann sollen Sie f\u00fcr viele Jahre  zwischen Colin Powell und George W. Bush im Fegefeuer schmoren\u00ab, so van  Aken zu de Maizi\u00e8re. Seine Partei werde, als einzige, den geplanten  Einsatz ablehnen.<\/p>\n<p>Falls sich der Konflikt in Syrien, dessen Regierung auf die  Unterst\u00fctzung Ru\u00dflands und Chinas z\u00e4hlen kann, weiter  internationalisieren sollte, w\u00e4re die deutsche Armee sofort in  milit\u00e4rische Auseinandersetzungen verwickelt. Doch das Durchwinken immer  neuer Kriegseins\u00e4tze ist dem Bundestag l\u00e4ngst zur Routine geworden \u2013  und auch die Heimatfront ist eingenordet. In einem \u00bboffenen Brief\u00ab an  Baschar Al-Assad, der vom Berliner Literaturfestival am Mittwoch  ver\u00f6ffentlicht wurde, wird dem syrischen Pr\u00e4sidenten der R\u00fccktritt  nahegelegt. Falls er dem Vorschlag der Literaten nicht nachk\u00e4me, gebe es  \u00bbnur eine andere L\u00f6sung\u00ab: \u00bbEntweder get\u00f6tet zu werden, wie Saddam  Hussein oder Muammar Al-Ghaddafi, oder ein Leben im Gef\u00e4ngnis in einer  sterilen Zelle in Den Haag\u00ab, hei\u00dft es in dem unter anderem von Alfred <span>Grosser<\/span>, Martin Walser und David Grossman unterschriebenen Papier. Purer Gro\u00dfmachtchauvinismus. Schriftsteller als Lynchmob.<\/p>\n<p>jW 13.12.12<\/p><\/div>\n","protected":false},"excerpt":{"rendered":"<p>Von Sebastian Carlens No Patriots: Mitglieder der Linkspartei demonstrierten am Mittwoch in Berlin gegen Bundeswehr-Stationierung in der T\u00fcrkei Foto: dpa<\/p>\n","protected":false},"author":2,"featured_media":0,"comment_status":"open","ping_status":"open","sticky":false,"template":"","format":"standard","meta":{"footnotes":""},"categories":[1,5],"tags":[],"class_list":["post-2668","post","type-post","status-publish","format-standard","hentry","category-allgemein","category-arabischer-raum"],"_links":{"self":[{"href":"https:\/\/www.friedensplattform.at\/index.php?rest_route=\/wp\/v2\/posts\/2668","targetHints":{"allow":["GET"]}}],"collection":[{"href":"https:\/\/www.friedensplattform.at\/index.php?rest_route=\/wp\/v2\/posts"}],"about":[{"href":"https:\/\/www.friedensplattform.at\/index.php?rest_route=\/wp\/v2\/types\/post"}],"author":[{"embeddable":true,"href":"https:\/\/www.friedensplattform.at\/index.php?rest_route=\/wp\/v2\/users\/2"}],"replies":[{"embeddable":true,"href":"https:\/\/www.friedensplattform.at\/index.php?rest_route=%2Fwp%2Fv2%2Fcomments&post=2668"}],"version-history":[{"count":0,"href":"https:\/\/www.friedensplattform.at\/index.php?rest_route=\/wp\/v2\/posts\/2668\/revisions"}],"wp:attachment":[{"href":"https:\/\/www.friedensplattform.at\/index.php?rest_route=%2Fwp%2Fv2%2Fmedia&parent=2668"}],"wp:term":[{"taxonomy":"category","embeddable":true,"href":"https:\/\/www.friedensplattform.at\/index.php?rest_route=%2Fwp%2Fv2%2Fcategories&post=2668"},{"taxonomy":"post_tag","embeddable":true,"href":"https:\/\/www.friedensplattform.at\/index.php?rest_route=%2Fwp%2Fv2%2Ftags&post=2668"}],"curies":[{"name":"wp","href":"https:\/\/api.w.org\/{rel}","templated":true}]}}