{"id":270,"date":"2008-01-15T20:34:32","date_gmt":"2008-01-15T18:34:32","guid":{"rendered":"http:\/\/www.luxorbis.org\/friedensplattform.at\/?p=270"},"modified":"2008-01-15T20:34:32","modified_gmt":"2008-01-15T18:34:32","slug":"artikel-der-ag-friedensforschung-tschads-friedensabkommen-ist-geschichte","status":"publish","type":"post","link":"https:\/\/www.friedensplattform.at\/?p=270","title":{"rendered":"Artikel der AG Friedensforschung: Tschads Friedensabkommen ist Geschichte"},"content":{"rendered":"<p>Neue K\u00e4mpfe an allen Fronten lassen die EU-Mission Eufor in weite Ferne r\u00fccken<em>Von Anton Holberg *<\/em><\/p>\n<p><!--more--><\/p>\n<p>Tschad erlebte in den letzten Wochen die heftigsten bewaffneten K\u00e4mpfe seit Monaten. Kontrahenten sind die tschadische Armee und verschiedene Oppositionskr\u00e4fte.<\/p>\n<p>Das Tschad-Friedensabkommen von Sirte hat nicht lange gehalten. Erst am 25. Oktober hatten die Union der Kr\u00e4fte f\u00fcr Demokratie und Entwicklung (UFDD) und die Versammlung der Kr\u00e4fte f\u00fcr den Wandel (RFC) unter Vermittlung von Muaamar al-Gaddafi ein Friedensabkommen mit der Regierung von Pr\u00e4sident Idriss D\u00e9by Itno unterzeichnet.<\/p>\n<p><a href=\"http:\/\/www.uni-kassel.de\/fb5\/frieden\/regionen\/Tschad\/abkommen.html\" title=\"Uni Kassel\" target=\"_blank\">Weiterlesen auf den Seiten der Uni Kassel<\/a><\/p>\n","protected":false},"excerpt":{"rendered":"<p>Neue K\u00e4mpfe an allen Fronten lassen die EU-Mission Eufor in weite Ferne r\u00fcckenVon Anton Holberg *<\/p>\n","protected":false},"author":1,"featured_media":0,"comment_status":"open","ping_status":"open","sticky":false,"template":"","format":"standard","meta":{"footnotes":""},"categories":[1],"tags":[],"class_list":["post-270","post","type-post","status-publish","format-standard","hentry","category-allgemein"],"_links":{"self":[{"href":"https:\/\/www.friedensplattform.at\/index.php?rest_route=\/wp\/v2\/posts\/270","targetHints":{"allow":["GET"]}}],"collection":[{"href":"https:\/\/www.friedensplattform.at\/index.php?rest_route=\/wp\/v2\/posts"}],"about":[{"href":"https:\/\/www.friedensplattform.at\/index.php?rest_route=\/wp\/v2\/types\/post"}],"author":[{"embeddable":true,"href":"https:\/\/www.friedensplattform.at\/index.php?rest_route=\/wp\/v2\/users\/1"}],"replies":[{"embeddable":true,"href":"https:\/\/www.friedensplattform.at\/index.php?rest_route=%2Fwp%2Fv2%2Fcomments&post=270"}],"version-history":[{"count":0,"href":"https:\/\/www.friedensplattform.at\/index.php?rest_route=\/wp\/v2\/posts\/270\/revisions"}],"wp:attachment":[{"href":"https:\/\/www.friedensplattform.at\/index.php?rest_route=%2Fwp%2Fv2%2Fmedia&parent=270"}],"wp:term":[{"taxonomy":"category","embeddable":true,"href":"https:\/\/www.friedensplattform.at\/index.php?rest_route=%2Fwp%2Fv2%2Fcategories&post=270"},{"taxonomy":"post_tag","embeddable":true,"href":"https:\/\/www.friedensplattform.at\/index.php?rest_route=%2Fwp%2Fv2%2Ftags&post=270"}],"curies":[{"name":"wp","href":"https:\/\/api.w.org\/{rel}","templated":true}]}}