{"id":271,"date":"2008-01-15T20:36:13","date_gmt":"2008-01-15T18:36:13","guid":{"rendered":"http:\/\/www.luxorbis.org\/friedensplattform.at\/?p=271"},"modified":"2008-01-15T20:36:13","modified_gmt":"2008-01-15T18:36:13","slug":"artikel-der-ag-friedensforschung-sudan-und-tschad-im-visier-der-grosmachte","status":"publish","type":"post","link":"https:\/\/www.friedensplattform.at\/?p=271","title":{"rendered":"Artikel der AG Friedensforschung: Sudan und Tschad im Visier der Gro&#223;m&#228;chte"},"content":{"rendered":"<p><em>Von L\u00fchr Henken *<\/em><\/p>\n<p><!--more--><\/p>\n<p>Zwei der derzeit elf Auslandseins\u00e4tze der Bundeswehr finden im Sudan statt. Sie wurden zuletzt vom Bundestag am 15. November 2007 mit gro\u00dfer Mehrheit verl\u00e4ngert. Die nach Kapitel VII der UN-Charta mandatierten Eins\u00e4tze beinhalten zum einen die Stationierung von bis zu 75 unbewaffneten Bundeswehrsoldaten als Teil der etwa 10.000 Personen starken \u00dcberwachungsmission UNMIS in S\u00fcdsudan. Das Mandat endet am 15. August 2008. Derzeit sind im Rahmen von UNMIS 42 deutsche Soldaten und f\u00fcnf Polizisten im Einsatz. Das zweite Mandat ist ein Vorratsbeschluss. Demnach sollen bis zu 250 Bundeswehrsoldaten im Rahmen der neuen UN-AU-Mission UNAMID Soldaten und Polizisten aus afrikanischen L\u00e4ndern mit Flugzeugen nach Darfur bringen. Das geschah zuletzt im M\u00e4rz 2006. UNAMID l\u00f6st ab dem 1. Januar 2008 die AU-Mission AMIS in Darfur ab. Mit insgesamt 26.000 Soldaten, Polizisten und Zivilen soll UNAMID die bis dahin gr\u00f6\u00dfte UN-Mission der Geschichte werden. Die UN-Generalversammlung hat f\u00fcr das erste Halbjahr daf\u00fcr 1,28 Mrd. Dollar bewilligt. An der im westlich benachbarten Tschad und im Nordosten der Zentralafrikanischen Republik zu stationierenden und von Frankreich dominierten 3.700 Soldaten starken EU-Truppe beteiligt sich die Bundeswehr nicht. Gleichwohl begr\u00fc\u00dft die Bundesregierung den Einsatz im Osttschad und stellt vier Offiziere in die Einsatzzentrale bei Paris ab.<\/p>\n<p><a href=\"http:\/\/www.uni-kassel.de\/fb5\/frieden\/regionen\/Tschad\/henken.html\" title=\"Uni Kassel\" target=\"_blank\">Weiterlesen auf den Seiten der Uni Kassel<\/a><\/p>\n","protected":false},"excerpt":{"rendered":"<p>Von L\u00fchr Henken *<\/p>\n","protected":false},"author":1,"featured_media":0,"comment_status":"open","ping_status":"open","sticky":false,"template":"","format":"standard","meta":{"footnotes":""},"categories":[1],"tags":[],"class_list":["post-271","post","type-post","status-publish","format-standard","hentry","category-allgemein"],"_links":{"self":[{"href":"https:\/\/www.friedensplattform.at\/index.php?rest_route=\/wp\/v2\/posts\/271","targetHints":{"allow":["GET"]}}],"collection":[{"href":"https:\/\/www.friedensplattform.at\/index.php?rest_route=\/wp\/v2\/posts"}],"about":[{"href":"https:\/\/www.friedensplattform.at\/index.php?rest_route=\/wp\/v2\/types\/post"}],"author":[{"embeddable":true,"href":"https:\/\/www.friedensplattform.at\/index.php?rest_route=\/wp\/v2\/users\/1"}],"replies":[{"embeddable":true,"href":"https:\/\/www.friedensplattform.at\/index.php?rest_route=%2Fwp%2Fv2%2Fcomments&post=271"}],"version-history":[{"count":0,"href":"https:\/\/www.friedensplattform.at\/index.php?rest_route=\/wp\/v2\/posts\/271\/revisions"}],"wp:attachment":[{"href":"https:\/\/www.friedensplattform.at\/index.php?rest_route=%2Fwp%2Fv2%2Fmedia&parent=271"}],"wp:term":[{"taxonomy":"category","embeddable":true,"href":"https:\/\/www.friedensplattform.at\/index.php?rest_route=%2Fwp%2Fv2%2Fcategories&post=271"},{"taxonomy":"post_tag","embeddable":true,"href":"https:\/\/www.friedensplattform.at\/index.php?rest_route=%2Fwp%2Fv2%2Ftags&post=271"}],"curies":[{"name":"wp","href":"https:\/\/api.w.org\/{rel}","templated":true}]}}