{"id":272,"date":"2008-01-15T20:43:33","date_gmt":"2008-01-15T18:43:33","guid":{"rendered":"http:\/\/www.luxorbis.org\/friedensplattform.at\/?p=272"},"modified":"2008-01-15T20:43:33","modified_gmt":"2008-01-15T18:43:33","slug":"erklarung-des-vorsitzenden-der-islamischen-religionsgemeinde-graz-fpo-hastiraden-gegen-muslimesachlichkeit-statt-hetze-gefordert","status":"publish","type":"post","link":"https:\/\/www.friedensplattform.at\/?p=272","title":{"rendered":"Erkl&#228;rung des Vorsitzenden der Islamischen Religionsgemeinde Graz: FP&#214; Hasstiraden gegen Muslime\/Sachlichkeit statt Hetze gefordert"},"content":{"rendered":"<p>FP\u00d6 Hasstiraden gegen Muslime:<\/p>\n<p>Sachlickeit statt Hetze im politischen Diskurs gefordert<br \/>\nNoch ins Negative gesteigert wurde in Graz der ungusti\u00f6s populistische Wahlkampfstil der FP\u00d6 mit ihrer Hetze gegen Muslime. Susanne Winter bedient nicht mehr das ohnehin tendenzi\u00f6se Bild von der \u201eWelle&#8220; der Zuwanderung. Bei ihr muss es ein ganzer \u201eTsunami&#8220; sein. Muslime werden als Tod und Verderben bringende Katastrophe f\u00fcr \u00d6sterreich dargestellt. Hier w\u00e4re der Tatbestand der Volksverhetzung zu pr\u00fcfen.<\/p>\n<p><!--more--><br \/>\nDass die M\u00f6chtegernpolitikerin v\u00f6llig unqualifiziert den Propheten Muhammad zu diffamieren sucht, zeigt wie hier Islamfeindlichkeit als politisches Programm laufen soll. Dem entspricht die Panikmache vor einer \u201eIslamisierung&#8220;, als sei die verfassungsm\u00e4\u00dfig garantierte freie Religionsaus\u00fcbung der Muslime bereits ein Angriff auf das Glaubensbekenntnis anderer. Hier tut sich auch die billige Berechnung der FP\u00d6 Wahlkampfstrategen auf:  Was sich heute an Schm\u00e4hungen und Hass gegen Muslime in der Anonymit\u00e4t von Internetforen austobt, findet sich morgen in ihren Parolen &#8211;  vor allem dann, wenn damit von tats\u00e4chlichen gesellschaftspolitischen Diskussionen abgelenkt werden kann. Schlie\u00dflich l\u00e4uft derzeit nach einigen traurigen Anlassf\u00e4llen in \u00d6sterreich eine Debatte um verbesserten Schutz von Kindern vor sexuellem Missbrauch. Das wird auf die \u201eb\u00f6sen Anderen&#8220; zu verlagern gesucht.<\/p>\n<p>Auf diesem Niveau l\u00e4sst sich ein vern\u00fcnftiger Diskurs, gar auf theologischer Ebene nicht f\u00fchren. Darum sei nur in aller K\u00fcrze darauf hingewiesen, dass neueste wissenschaftliche Untersuchungen von einem Heiratsalter von mindestens 14, bei anderen Gelehrte 17 bis 18 Jahren sprechen, in dem Aisha den Propheten Muhammad heiratete. Grundlage ist eine umfangreiche \u00dcberpr\u00fcfung der zeitlichen Einordnung verschiedener Ereignisse unter Bezug auf sie.<\/p>\n<p>Selbstverst\u00e4ndlich ist das Heiratsalter auch im jeweiligen historischen Kontext zu betrachten. Bis in die neuere europ\u00e4ische Geschichte waren Kinderehen, gerade in den Adelsh\u00e4usern, ein verbreitetes Ph\u00e4nomen. In der Bibel wird vom Propheten David berichtet, dass er als 80j\u00e4hriger eine 14j\u00e4hrige ehelichte, um so seine \u201eW\u00e4rme&#8220; zur\u00fcck zu gewinnen.<\/p>\n<p>Die Qualit\u00e4t der Diskussion um Themen wie Integration darf unter den Hasstiraden populistischer Parteien nicht leiden. Es w\u00e4re zu w\u00fcnschen, dass sich sowohl die Politik, als auch die Zivilgesellschaft entschieden zu Wort meldet, um die Hetze der FP\u00d6 energisch zur\u00fcckzuweisen. Ein sachlicher und konstruktiver Diskurs kann dazu beitragen, den gesellschaftlichen Frieden und Zusammenhalt der Gesellschaft zu wahren.<\/p>\n<p>An Muslime m\u00f6chten wir ausdr\u00fccklich appellieren, sich bei dieser Form des in \u00d6sterreich bew\u00e4hrten Dialogs einzubringen und so jede gewollte Provokation und k\u00fcnstliche Konstruktion von Feindbildern an sich abgleiten zu lassen. Hier gilt es ruhig Blut zu bewahren und sich nicht von drittklassigen PolitikerInnen provozieren zu lassen, auch um deren billigen Slogans nicht jene Bedeutung zu geben, die sie gerne h\u00e4tten.<\/p>\n<p>&#8212;&#8212;&#8212;&#8212;&#8212;&#8212;&#8212;&#8212;&#8212;&#8212;&#8212;&#8212;&#8212;&#8212;&#8212;&#8212;<\/p>\n<p>Dr. techn. Kamel G. MAHMOUD<br \/>\nVorsitzender der Islamischen Religionsgemeinde Graz<\/p>\n","protected":false},"excerpt":{"rendered":"<p>FP\u00d6 Hasstiraden gegen Muslime: Sachlickeit statt Hetze im politischen Diskurs gefordert Noch ins Negative gesteigert wurde in Graz der ungusti\u00f6s populistische Wahlkampfstil der FP\u00d6 mit ihrer Hetze gegen Muslime. Susanne Winter bedient nicht mehr das ohnehin tendenzi\u00f6se Bild von der \u201eWelle&#8220; der Zuwanderung. Bei ihr muss es ein ganzer \u201eTsunami&#8220; sein. Muslime werden als Tod &hellip; <a href=\"https:\/\/www.friedensplattform.at\/?p=272\" class=\"more-link\"><span class=\"screen-reader-text\">Erkl&#228;rung des Vorsitzenden der Islamischen Religionsgemeinde Graz: FP&#214; Hasstiraden gegen Muslime\/Sachlichkeit statt Hetze gefordert<\/span> weiterlesen <span class=\"meta-nav\">&rarr;<\/span><\/a><\/p>\n","protected":false},"author":1,"featured_media":0,"comment_status":"open","ping_status":"open","sticky":false,"template":"","format":"standard","meta":{"footnotes":""},"categories":[1],"tags":[],"class_list":["post-272","post","type-post","status-publish","format-standard","hentry","category-allgemein"],"_links":{"self":[{"href":"https:\/\/www.friedensplattform.at\/index.php?rest_route=\/wp\/v2\/posts\/272","targetHints":{"allow":["GET"]}}],"collection":[{"href":"https:\/\/www.friedensplattform.at\/index.php?rest_route=\/wp\/v2\/posts"}],"about":[{"href":"https:\/\/www.friedensplattform.at\/index.php?rest_route=\/wp\/v2\/types\/post"}],"author":[{"embeddable":true,"href":"https:\/\/www.friedensplattform.at\/index.php?rest_route=\/wp\/v2\/users\/1"}],"replies":[{"embeddable":true,"href":"https:\/\/www.friedensplattform.at\/index.php?rest_route=%2Fwp%2Fv2%2Fcomments&post=272"}],"version-history":[{"count":0,"href":"https:\/\/www.friedensplattform.at\/index.php?rest_route=\/wp\/v2\/posts\/272\/revisions"}],"wp:attachment":[{"href":"https:\/\/www.friedensplattform.at\/index.php?rest_route=%2Fwp%2Fv2%2Fmedia&parent=272"}],"wp:term":[{"taxonomy":"category","embeddable":true,"href":"https:\/\/www.friedensplattform.at\/index.php?rest_route=%2Fwp%2Fv2%2Fcategories&post=272"},{"taxonomy":"post_tag","embeddable":true,"href":"https:\/\/www.friedensplattform.at\/index.php?rest_route=%2Fwp%2Fv2%2Ftags&post=272"}],"curies":[{"name":"wp","href":"https:\/\/api.w.org\/{rel}","templated":true}]}}