{"id":273,"date":"2008-01-15T20:30:20","date_gmt":"2008-01-15T18:30:20","guid":{"rendered":"http:\/\/www.luxorbis.org\/friedensplattform.at\/?p=273"},"modified":"2008-01-15T20:30:20","modified_gmt":"2008-01-15T18:30:20","slug":"bundesweite-konferenz-volxabstimmung-am-sonntag-27-janner-2008","status":"publish","type":"post","link":"https:\/\/www.friedensplattform.at\/?p=273","title":{"rendered":"Bundesweite Konferenz &quot;Volxabstimmung &quot;am Sonntag, 27. J&#228;nner 2008"},"content":{"rendered":"<p><font face=\"Arial\" size=\"2\"><strong>Bundesweite Konferenz  &#8222;Volxabstimmung &#8222;am Sonntag, 27. J\u00e4nner 2008, <\/strong><\/font><\/p>\n<p><font face=\"Arial\" size=\"2\">11.00 &#8211; 18.00,  Gemeinderatssaal, Altes Rathaus Linz<\/font><\/p>\n<p><!--more--><\/p>\n<p><font face=\"Arial\" size=\"2\"><font face=\"sans-serif\" size=\"2\">Programm:<\/font><font face=\"Times New Roman\" size=\"3\"><br \/>\n<\/font><font face=\"sans-serif\" size=\"2\">I.  Infoblock: (11.00-12.30)<\/font><font face=\"Times New Roman\" size=\"3\"><br \/>\n<\/font><font face=\"sans-serif\" size=\"2\">Warum fordern wir eine Volksabstimmung  \u00fcber den EU-Reformvertrag? (Elke Renner, Wien)<\/font><font face=\"Times New Roman\" size=\"3\"><br \/>\n<\/font><font face=\"sans-serif\" size=\"2\">Der  EU-Reformvertrag aus antineoliberaler Sicht ( Judith  Dellheim, Christian Felber, Gerald Oberansmayr)<\/font><\/font><\/p>\n<p><font face=\"Arial\" size=\"2\"><font face=\"sans-serif\" size=\"2\">Mittagspause: 12.30-13.30<\/font><\/font><\/p>\n<p><font face=\"Arial\" size=\"2\"><font face=\"sans-serif\" size=\"2\">II. Arbeitskreise:  (13.30-15.30)<\/font><font face=\"Times New Roman\" size=\"3\"><br \/>\n<\/font><font face=\"sans-serif\" size=\"2\">Alle Arbeitskreise sollen darauf ausgerichtet werden, die  spezifische Betroffenheit von Menschen in einzelnen Bereichen durch den  EU-Reformvertrag zu diskutieren und Beitr\u00e4ge f\u00fcr die Durchsetzung einer  Volksabstimmung zu erarbeiten.<\/font><\/font><\/p>\n<p><font face=\"Arial\" size=\"2\"><font face=\"sans-serif\" size=\"2\">&#8211; Auswirkungen auf die  ArbeitnehmerInnen und die Gewerkschaften (Hermann Dworczak)<\/font><font face=\"Times New Roman\" size=\"3\"><br \/>\n<\/font><font face=\"sans-serif\" size=\"2\">&#8211;  Auswirkungen auf die Bildungspolitik (Elke Renner)<\/font><font face=\"Times New Roman\" size=\"3\"><br \/>\n<\/font><font face=\"sans-serif\" size=\"2\">&#8211; Sozial-  und wirtschaftspolitische Auswirkungen (Klaus Sambor, )<\/font><font face=\"Times New Roman\" size=\"3\"><br \/>\n<\/font><font face=\"sans-serif\" size=\"2\">&#8211;  Datenschutzrechtliche und sicherheitspolizeiliche Aspekte (Hans Zeger  ?)<\/font><font face=\"Times New Roman\" size=\"3\"><br \/>\n<\/font><font face=\"sans-serif\" size=\"2\">&#8211; Kriegseinsatz im Tschad, Militarisierung, Neutralit\u00e4t und die  Friedensbewegung (Michael Pr\u00f6bsting, Johann Sch\u00f6gler)<\/font><font face=\"Times New Roman\" size=\"3\"><br \/>\n<\/font><font face=\"sans-serif\" size=\"2\">&#8211;  Auswirkungen auf die Gemeinden (Michael Graber)<\/font><font face=\"Times New Roman\" size=\"3\"><br \/>\n<\/font><font face=\"sans-serif\" size=\"2\">&#8211;  WHO-Gesundheitspolitik und EU (Christine Cote)<\/font><font face=\"Times New Roman\" size=\"3\"><br \/>\n<\/font><font face=\"sans-serif\" size=\"2\">&#8211;  politische Strategien zur Durchsetzung einer Volksabstimmung (Hans Kohlmaier,  Erwin Maier)<\/font><font face=\"Times New Roman\" size=\"3\"><br \/>\n<\/font><font face=\"sans-serif\" size=\"2\">&#8211; Vorbereitung einer Menschenkette\/Demonstration  (n.n.)<\/font><font face=\"Times New Roman\" size=\"3\"><br \/>\n<\/font><font face=\"sans-serif\" size=\"2\">&#8211; Ideen und Planung f\u00fcr Stra\u00dfenaktionen  (n.n.)<\/font><\/font><\/p>\n<p><font face=\"Arial\" size=\"2\"><font face=\"sans-serif\" size=\"2\">Es k\u00f6nnen noch weitere Vorschl\u00e4ge f\u00fcr Arbeitskreise  eingebracht werden. Gleichzeitig wird ersucht, nach M\u00f6glichkeit Arbeitskreise  zusammenzufassen.<\/font><font face=\"Times New Roman\" size=\"3\"><br \/>\n<\/font><font face=\"sans-serif\" size=\"2\">Die Werkstatt wird schauen, da\u00df es eine Kopierm\u00f6glichkeit  f\u00fcr Arbeitskreisberichte gibt.<\/font><\/font><\/p>\n<p><font face=\"Arial\" size=\"2\"><font face=\"sans-serif\" size=\"2\">Kaffeepause: 15.30-16.00<\/font><\/font><\/p>\n<p><font face=\"Arial\" size=\"2\"><font face=\"sans-serif\" size=\"2\">III.  Abschlu\u00dfplenum 16.00 &#8211; 17.30<\/font><font face=\"Times New Roman\" size=\"3\"><br \/>\n<\/font><font face=\"sans-serif\" size=\"2\">Beratung und Beschlussfassung von  gemeinsamen Aktionen<\/font><\/font><\/p>\n","protected":false},"excerpt":{"rendered":"<p>Bundesweite Konferenz &#8222;Volxabstimmung &#8222;am Sonntag, 27. J\u00e4nner 2008, 11.00 &#8211; 18.00, Gemeinderatssaal, Altes Rathaus Linz<\/p>\n","protected":false},"author":1,"featured_media":0,"comment_status":"open","ping_status":"open","sticky":false,"template":"","format":"standard","meta":{"footnotes":""},"categories":[11],"tags":[],"class_list":["post-273","post","type-post","status-publish","format-standard","hentry","category-eu-reformvertrag"],"_links":{"self":[{"href":"https:\/\/www.friedensplattform.at\/index.php?rest_route=\/wp\/v2\/posts\/273","targetHints":{"allow":["GET"]}}],"collection":[{"href":"https:\/\/www.friedensplattform.at\/index.php?rest_route=\/wp\/v2\/posts"}],"about":[{"href":"https:\/\/www.friedensplattform.at\/index.php?rest_route=\/wp\/v2\/types\/post"}],"author":[{"embeddable":true,"href":"https:\/\/www.friedensplattform.at\/index.php?rest_route=\/wp\/v2\/users\/1"}],"replies":[{"embeddable":true,"href":"https:\/\/www.friedensplattform.at\/index.php?rest_route=%2Fwp%2Fv2%2Fcomments&post=273"}],"version-history":[{"count":0,"href":"https:\/\/www.friedensplattform.at\/index.php?rest_route=\/wp\/v2\/posts\/273\/revisions"}],"wp:attachment":[{"href":"https:\/\/www.friedensplattform.at\/index.php?rest_route=%2Fwp%2Fv2%2Fmedia&parent=273"}],"wp:term":[{"taxonomy":"category","embeddable":true,"href":"https:\/\/www.friedensplattform.at\/index.php?rest_route=%2Fwp%2Fv2%2Fcategories&post=273"},{"taxonomy":"post_tag","embeddable":true,"href":"https:\/\/www.friedensplattform.at\/index.php?rest_route=%2Fwp%2Fv2%2Ftags&post=273"}],"curies":[{"name":"wp","href":"https:\/\/api.w.org\/{rel}","templated":true}]}}