{"id":2749,"date":"2013-01-07T22:39:36","date_gmt":"2013-01-07T20:39:36","guid":{"rendered":"http:\/\/www.luxorbis.org\/friedensplattform.at\/?p=2749"},"modified":"2013-01-07T22:39:36","modified_gmt":"2013-01-07T20:39:36","slug":"operation-volksbefragung-eine-entscheidungshilfe","status":"publish","type":"post","link":"https:\/\/www.friedensplattform.at\/?p=2749","title":{"rendered":"Operation Volksbefragung: Eine Entscheidungshilfe"},"content":{"rendered":"<h3 id=\"artikelHeader\">\n<h2>Alle relevanten Informationen f\u00fcr die Wehrpflicht-Befragung am 20. J\u00e4nner<\/h2>\n<p>Wien &#8211; <strong>&#8222;Sind   Sie f\u00fcr die Einf\u00fchrung eines Berufsheeres und eines bezahlten   freiwilligen Sozialjahres oder sind Sie f\u00fcr die Beibehaltung der   allgemeinen Wehrpflicht und des Zivildienstes?&#8220;<\/strong> Mit der   Beantwortung dieser Frage sollen die \u00d6sterreicher bei einer   Volksbefragung am 20. J\u00e4nner \u00fcber die k\u00fcnftige Organisation ihrer Armee   entscheiden.<\/p>\n<p><!--more-->umfassende Informationen im <a href=\"http:\/\/derstandard.at\/1355460223424\/Entscheidungshilfe-zur-Volksbefragung-ueber-die-Wehrpflicht?seite=2#forumstart\" target=\"_blank\">standard<\/a> vom 7.1.13<\/p>\n<h6><\/h6>\n<h6><\/h6>\n<h6><span>7. J\u00e4nner 2013, 12:40<\/span><\/h6>\n<\/h3>\n<div id=\"artikelLeft\">\n<ul>\n<li id=\"m1_1355460232318\"><a href=\"http:\/\/images.derStandard.at\/2012\/12\/20\/1355481300932.jpg\"><img decoding=\"async\" style=\"width: 200px; height: 161px;\" title=\"ABSTIMMUNGSHILFE:  DIE FRAGE   CHRONOLOGIE DER DEBATTE UM DIE WEHRPFLICHT  WECHSELNDE POSITIONEN VON SP\u00d6 UND \u00d6VP  DAS BUNDESHEER IN ZAHLEN  GESCHICHTE DES BUNDESHEERES  GESCHICHTE DER ALLGEMEINEN WEHRPFLICHT  DIE STRUKTUR DER ARMEE  STANDORTE  BUDGET  VERGLEICH MIT GRO\u00dfM\u00c4CHTEN  VERGLEICH MIT EU-L\u00c4NDERN  DER UNTERSCHIED ZU SCHWEDEN UND DER SCHWEIZ  ZIVILDIENST  HILFREICHE LINKS F\u00dcR DIE VOLKSBEFRAGUNG\" src=\"http:\/\/images.derStandard.at\/t\/107\/2012\/12\/20\/1355481300932.jpg\" alt=\"ABSTIMMUNGSHILFE:  DIE FRAGE   CHRONOLOGIE DER DEBATTE UM DIE WEHRPFLICHT  WECHSELNDE POSITIONEN VON SP\u00d6 UND \u00d6VP  DAS BUNDESHEER IN ZAHLEN  GESCHICHTE DES BUNDESHEERES  GESCHICHTE DER ALLGEMEINEN WEHRPFLICHT  DIE STRUKTUR DER ARMEE  STANDORTE  BUDGET  VERGLEICH MIT GRO\u00dfM\u00c4CHTEN  VERGLEICH MIT EU-L\u00c4NDERN  DER UNTERSCHIED ZU SCHWEDEN UND DER SCHWEIZ  ZIVILDIENST  HILFREICHE LINKS F\u00dcR DIE VOLKSBEFRAGUNG\" \/><span>vergr\u00f6\u00dfern 500&#215;403<\/span><\/a>\n<div>foto: apa\/fohringer<\/div>\n<div>\n<p><strong>ABSTIMMUNGSHILFE:<\/strong><\/p>\n<p><strong><a href=\"http:\/\/derstandard.at\/1355460223424\/Informationen-und-Argumente-zur-Volksbefragung-ueber-die-Wehrpflicht\">DIE FRAGE <\/a><br \/>\n<\/strong><\/p>\n<p><a href=\"http:\/\/derstandard.at\/1355460223424\/Informationen-und-Argumente-zur-Volksbefragung-ueber-die-Wehrpflicht?_artikelIndex=2\" target=\"_self\"><strong>CHRONOLOGIE DER DEBATTE UM DIE WEHRPFLICHT<\/strong><\/a><\/p>\n<p><a href=\"http:\/\/derstandard.at\/1355460223424\/Informationen-und-Argumente-zur-Volksbefragung-ueber-die-Wehrpflicht?_artikelIndex=3\"><strong>WECHSELNDE POSITIONEN VON SP\u00d6 UND \u00d6VP<\/strong><\/a><\/p>\n<p><a href=\"http:\/\/derstandard.at\/1355460223424\/Informationen-und-Argumente-zur-Volksbefragung-ueber-die-Wehrpflicht?_artikelIndex=4\"><strong>DAS BUNDESHEER IN ZAHLEN<\/strong><\/a><\/p>\n<p><a href=\"http:\/\/derstandard.at\/1355460223424\/Informationen-und-Argumente-zur-Volksbefragung-ueber-die-Wehrpflicht?_artikelIndex=5\"><strong>GESCHICHTE DES BUNDESHEERES<\/strong><\/a><\/p>\n<p><a href=\"http:\/\/derstandard.at\/1355460223424\/Informationen-und-Argumente-zur-Volksbefragung-ueber-die-Wehrpflicht?_artikelIndex=6\"><strong>GESCHICHTE DER ALLGEMEINEN WEHRPFLICHT<\/strong><\/a><\/p>\n<p><a href=\"http:\/\/derstandard.at\/1355460223424\/Informationen-und-Argumente-zur-Volksbefragung-ueber-die-Wehrpflicht?_artikelIndex=7\"><strong>DIE STRUKTUR DER ARMEE<\/strong><\/a><\/p>\n<p><a href=\"http:\/\/derstandard.at\/1355460223424\/Informationen-und-Argumente-zur-Volksbefragung-ueber-die-Wehrpflicht?_artikelIndex=8\"><strong>STANDORTE<\/strong><\/a><\/p>\n<p><a href=\"http:\/\/derstandard.at\/1355460223424\/Informationen-und-Argumente-zur-Volksbefragung-ueber-die-Wehrpflicht?_artikelIndex=9\"><strong>BUDGET<\/strong><\/a><\/p>\n<p><a href=\"http:\/\/derstandard.at\/1355460223424\/Informationen-und-Argumente-zur-Volksbefragung-ueber-die-Wehrpflicht?_artikelIndex=10\"><strong>VERGLEICH MIT GRO\u00dfM\u00c4CHTEN<\/strong><\/a><\/p>\n<p><a href=\"http:\/\/derstandard.at\/1355460223424\/Informationen-und-Argumente-zur-Volksbefragung-ueber-die-Wehrpflicht?_artikelIndex=11\"><strong>VERGLEICH MIT EU-L\u00c4NDERN<\/strong><\/a><\/p>\n<p><a href=\"http:\/\/derstandard.at\/1355460223424\/Informationen-und-Argumente-zur-Volksbefragung-ueber-die-Wehrpflicht?_artikelIndex=12\"><strong>DER UNTERSCHIED ZU SCHWEDEN UND DER SCHWEIZ<\/strong><\/a><\/p>\n<p><a href=\"http:\/\/derstandard.at\/1355460223424\/Informationen-und-Argumente-zur-Volksbefragung-ueber-die-Wehrpflicht?_artikelIndex=13\"><strong>ZIVILDIENST<\/strong><\/a><\/p>\n<p><strong><a href=\"http:\/\/derstandard.at\/1355460223424\/Informationen-und-Argumente-zur-Volksbefragung-ueber-die-Wehrpflicht?_artikelIndex=14\">HILFREICHE LINKS F\u00dcR DIE VOLKSBEFRAGUNG<\/a><br \/>\n<\/strong><\/div>\n<\/li>\n<\/ul>\n<\/div>\n","protected":false},"excerpt":{"rendered":"<p>Alle relevanten Informationen f\u00fcr die Wehrpflicht-Befragung am 20. J\u00e4nner Wien &#8211; &#8222;Sind Sie f\u00fcr die Einf\u00fchrung eines Berufsheeres und eines bezahlten freiwilligen Sozialjahres oder sind Sie f\u00fcr die Beibehaltung der allgemeinen Wehrpflicht und des Zivildienstes?&#8220; Mit der Beantwortung dieser Frage sollen die \u00d6sterreicher bei einer Volksbefragung am 20. J\u00e4nner \u00fcber die k\u00fcnftige Organisation ihrer Armee &hellip; <a href=\"https:\/\/www.friedensplattform.at\/?p=2749\" class=\"more-link\"><span class=\"screen-reader-text\">Operation Volksbefragung: Eine Entscheidungshilfe<\/span> weiterlesen <span class=\"meta-nav\">&rarr;<\/span><\/a><\/p>\n","protected":false},"author":2,"featured_media":0,"comment_status":"open","ping_status":"open","sticky":false,"template":"","format":"standard","meta":{"footnotes":""},"categories":[1],"tags":[],"class_list":["post-2749","post","type-post","status-publish","format-standard","hentry","category-allgemein"],"_links":{"self":[{"href":"https:\/\/www.friedensplattform.at\/index.php?rest_route=\/wp\/v2\/posts\/2749","targetHints":{"allow":["GET"]}}],"collection":[{"href":"https:\/\/www.friedensplattform.at\/index.php?rest_route=\/wp\/v2\/posts"}],"about":[{"href":"https:\/\/www.friedensplattform.at\/index.php?rest_route=\/wp\/v2\/types\/post"}],"author":[{"embeddable":true,"href":"https:\/\/www.friedensplattform.at\/index.php?rest_route=\/wp\/v2\/users\/2"}],"replies":[{"embeddable":true,"href":"https:\/\/www.friedensplattform.at\/index.php?rest_route=%2Fwp%2Fv2%2Fcomments&post=2749"}],"version-history":[{"count":0,"href":"https:\/\/www.friedensplattform.at\/index.php?rest_route=\/wp\/v2\/posts\/2749\/revisions"}],"wp:attachment":[{"href":"https:\/\/www.friedensplattform.at\/index.php?rest_route=%2Fwp%2Fv2%2Fmedia&parent=2749"}],"wp:term":[{"taxonomy":"category","embeddable":true,"href":"https:\/\/www.friedensplattform.at\/index.php?rest_route=%2Fwp%2Fv2%2Fcategories&post=2749"},{"taxonomy":"post_tag","embeddable":true,"href":"https:\/\/www.friedensplattform.at\/index.php?rest_route=%2Fwp%2Fv2%2Ftags&post=2749"}],"curies":[{"name":"wp","href":"https:\/\/api.w.org\/{rel}","templated":true}]}}