{"id":2753,"date":"2013-01-09T21:24:22","date_gmt":"2013-01-09T19:24:22","guid":{"rendered":"http:\/\/www.luxorbis.org\/friedensplattform.at\/?p=2753"},"modified":"2013-01-09T21:24:22","modified_gmt":"2013-01-09T19:24:22","slug":"position-der-kpoe-zur-bundesheer-volksbefragung","status":"publish","type":"post","link":"https:\/\/www.friedensplattform.at\/?p=2753","title":{"rendered":"Initiativen zur Bundesheer-Abschaffung"},"content":{"rendered":"<h3>Die sicherste Variante: Bundesheer abschaffen<!--more--><\/h3>\n<p>Statt  die Wehrpflicht abzuschaffen und das Bundesheer in eine Euro-Armee  einzugliedern soll im Sinne einer konsequenten antimilitaristischen  Politik das \u00f6sterreichische Bundesheer ersatzlos abgeschafft werden.  Daher empfiehlt die KP\u00d6 bei der Volksbefragung am 20.1.2013 ung\u00fcltig zu  stimmen und \u201eBundesheer abschaffen\u201c auf den Stimmzettel zu schreiben.<\/p>\n<p>Die  KP\u00d6 hat eine Online-Petition gestartet, mit welcher die Bundesregierung  aufgefordert wurde, die Fragestellung nach der Abschaffung des  Bundesheeres in den Text der Volksbefragung aufzunehmen. Wir ersuchen um  Unterst\u00fctzung und Weiterverbreitung dieser Online-Petition.  Unterst\u00fctzung und weitere Infos unter: <a href=\"https:\/\/service.gmx.net\/dereferrer\/?target=http%3A%2F%2Fwww.kpoe.at%2Findex.php%3Fid%3D279&amp;lang=de\" target=\"_blank\">http:\/\/www.kpoe.at\/index.php?id=279<\/a><\/p>\n<p>&#8212;&#8212;&#8212;-<br \/>\nKP\u00d6-Bundesvorstand<br \/>\nDrechslergasse 42, A-1140\u00a0 Wien<br \/>\nTelefon +43 (1) 50 36 580 \u2013 0<br \/>\nFax +43 (1) 50 36 580 \u2013 499<br \/>\nMail <a href=\"https:\/\/service.gmx.net\/callgate-6.65.3.0\/rms\/6.65.3.0\/mail\/getBody?folderId=3&amp;messageId=V0RKR591HmFhYHB5KXU15aMwOTjpJQdZ&amp;purpose=display&amp;bodyType=html#\">bundesvorstand@kpoe.at<\/a><br \/>\nWeb <a href=\"https:\/\/service.gmx.net\/dereferrer\/?target=http%3A%2F%2Fwww.kpoe.at&amp;lang=de\" target=\"_blank\">www.kpoe.at<\/a><br \/>\nFacebook <a href=\"https:\/\/service.gmx.net\/dereferrer\/?target=http%3A%2F%2Fwww.facebook.com%2Fkpoe.at&amp;lang=de\" target=\"_blank\">www.facebook.com\/kpoe.at<\/a><br \/>\nKonto PSK 1.835.009 (BLZ 60.000)<br \/>\nKampagne <a href=\"https:\/\/service.gmx.net\/dereferrer\/?target=http%3A%2F%2Fwww.kpoe.at%2Findex.php%3Fid%3D279&amp;lang=de\" target=\"_blank\">http:\/\/www.kpoe.at\/index.php?id=279<\/a><\/p>\n<p>PS:  Der Vers\u00f6hnungsbund hat die parlamentarische B\u00fcrgerInneninitiative  &#8222;Abschaffung des Bundesheeres und aktive Friedenspolitik&#8220; gestartet. 750  Unterschriften wurden an Parlamentspr\u00e4sidentin Barbara Prammer  \u00fcbergeben. Die B\u00fcrgerInneninitiative wird im zust\u00e4ndigen Ausschuss f\u00fcr  Petitionen und B\u00fcrgerInneninitiativen des Nationalrates behandelt.  Zus\u00e4tzlich kann die Petition auf der Website des Parlaments unterst\u00fctzt  werden: <a href=\"https:\/\/service.gmx.net\/dereferrer\/?target=http%3A%2F%2Fwww.parlament.gv.at%2FPAKT%2FVHG%2FXXIV%2FBI%2FBI_00053%2Findex.shtml%23tab-Zustimmungserklaerung&amp;lang=de\" target=\"_blank\">http:\/\/www.parlament.gv.at\/PAKT\/VHG\/XXIV\/BI\/BI_00053\/index.shtml#tab-Zustimmungserklaerung<\/a><\/p>\n","protected":false},"excerpt":{"rendered":"<p>Die sicherste Variante: Bundesheer abschaffen<\/p>\n","protected":false},"author":2,"featured_media":0,"comment_status":"open","ping_status":"open","sticky":false,"template":"","format":"standard","meta":{"footnotes":""},"categories":[3],"tags":[],"class_list":["post-2753","post","type-post","status-publish","format-standard","hentry","category-antimilitarismus"],"_links":{"self":[{"href":"https:\/\/www.friedensplattform.at\/index.php?rest_route=\/wp\/v2\/posts\/2753","targetHints":{"allow":["GET"]}}],"collection":[{"href":"https:\/\/www.friedensplattform.at\/index.php?rest_route=\/wp\/v2\/posts"}],"about":[{"href":"https:\/\/www.friedensplattform.at\/index.php?rest_route=\/wp\/v2\/types\/post"}],"author":[{"embeddable":true,"href":"https:\/\/www.friedensplattform.at\/index.php?rest_route=\/wp\/v2\/users\/2"}],"replies":[{"embeddable":true,"href":"https:\/\/www.friedensplattform.at\/index.php?rest_route=%2Fwp%2Fv2%2Fcomments&post=2753"}],"version-history":[{"count":0,"href":"https:\/\/www.friedensplattform.at\/index.php?rest_route=\/wp\/v2\/posts\/2753\/revisions"}],"wp:attachment":[{"href":"https:\/\/www.friedensplattform.at\/index.php?rest_route=%2Fwp%2Fv2%2Fmedia&parent=2753"}],"wp:term":[{"taxonomy":"category","embeddable":true,"href":"https:\/\/www.friedensplattform.at\/index.php?rest_route=%2Fwp%2Fv2%2Fcategories&post=2753"},{"taxonomy":"post_tag","embeddable":true,"href":"https:\/\/www.friedensplattform.at\/index.php?rest_route=%2Fwp%2Fv2%2Ftags&post=2753"}],"curies":[{"name":"wp","href":"https:\/\/api.w.org\/{rel}","templated":true}]}}