{"id":2758,"date":"2013-01-12T10:48:48","date_gmt":"2013-01-12T08:48:48","guid":{"rendered":"http:\/\/www.luxorbis.org\/friedensplattform.at\/?p=2758"},"modified":"2013-01-12T10:48:48","modified_gmt":"2013-01-12T08:48:48","slug":"17-1-politik-im-kaiserfeld-die-volksbefragung-und-die-friedenssicherung","status":"publish","type":"post","link":"https:\/\/www.friedensplattform.at\/?p=2758","title":{"rendered":"17.1.: Politik im Kaiserfeld: Die Volksbefragung und die Friedenssicherung"},"content":{"rendered":"<h3>\n<div id=\"parent-fieldname-description\">Eine Diskussion \u00fcber die unzufriedenstellende  Fragestellung zu Wehrdienst und Berufsheer.  Veranstalterin: Gr\u00fcne  Akademie<!--more--><\/div>\n<table border=\"0\" summary=\"Termindetails\">\n<tbody>\n<tr>\n<td>\n<h3>Wann:<\/h3>\n<\/td>\n<\/tr>\n<\/tbody>\n<\/table>\n<\/h3>\n<h3><\/h3>\n<h3>\n<table style=\"height: 97px;\" border=\"0\" width=\"270\" summary=\"Termindetails\">\n<tbody>\n<tr>\n<td>\n<h3>17. Januar 2013,\u00a0\u00a0\u00a0\u00a0\u00a0\u00a0\u00a0\u00a0\u00a0\u00a0\u00a0\u00a0\u00a0 20:00 Uhr<\/h3>\n<\/td>\n<\/tr>\n<tr>\n<td>\n<h3>Wo:<\/h3>\n<\/td>\n<\/tr>\n<\/tbody>\n<\/table>\n<\/h3>\n<h3><\/h3>\n<h3>\n<table border=\"0\" summary=\"Termindetails\">\n<tbody>\n<tr>\n<td>\n<div>\n<h3>Caf\u00e9 Kaiserfeld, Kaiserfeldgasse 19, Graz<\/h3>\n<\/div>\n<\/td>\n<\/tr>\n<tr>\n<td>\n<h3><\/h3>\n<\/td>\n<\/tr>\n<\/tbody>\n<\/table>\n<\/h3>\n<h3><\/h3>\n<h3>\n<table border=\"0\" summary=\"Termindetails\">\n<tbody>\n<tr>\n<td>\n<h3><\/h3>\n<\/td>\n<\/tr>\n<\/tbody>\n<\/table>\n<div id=\"parent-fieldname-text-5947ac6b84e848b19a01c7687de5603d\">\n<p><span>D<\/span>er Text f\u00fcr die   Bundesheer-Volksbefragung: Die Bev\u00f6lkerung wird zwischen den  Modellen  von SP\u00d6 und \u00d6VP entscheiden. Auf folgende Fragestellung haben  sich  Innenministerin Johanna Mikl-Leitner (\u00d6VP) und  Verteidigungsminister  Norbert Darabos (SP\u00d6) geeinigt:<\/p>\n<p><em>Sind Sie f\u00fcr die Einf\u00fchrung eines Berufsheeres und eines bezahlten freiwilligen Sozialjahres?<\/em><\/p>\n<p>oder<\/p>\n<p><em>Sind Sie f\u00fcr die Beibehaltung der allgemeinen Wehrpflicht und des Zivildienstes?<\/em><\/p>\n<p>Mit:<\/p>\n<p>Max Aufischer (1.  Zivildiener)<\/p>\n<p>Susanna Ecker (Menschenrechtsanw\u00e4ltin)<\/p>\n<p>Barbara Kasper (ehem. Frauen f\u00fcr den Frieden)<\/p>\n<p>Wolfgang Moitzi  (SP\u00d6)<\/p>\n<p>Peter Pilz (Sicherheitssprecher, GR\u00dcNE)<\/p>\n<p>R\u00fcdiger Welzl (Pr\u00e4senzdiener)<\/p><\/div>\n<\/h3>\n","protected":false},"excerpt":{"rendered":"<p>Eine Diskussion \u00fcber die unzufriedenstellende Fragestellung zu Wehrdienst und Berufsheer. Veranstalterin: Gr\u00fcne Akademie<\/p>\n","protected":false},"author":2,"featured_media":0,"comment_status":"open","ping_status":"open","sticky":false,"template":"","format":"standard","meta":{"footnotes":""},"categories":[1,3],"tags":[],"class_list":["post-2758","post","type-post","status-publish","format-standard","hentry","category-allgemein","category-antimilitarismus"],"_links":{"self":[{"href":"https:\/\/www.friedensplattform.at\/index.php?rest_route=\/wp\/v2\/posts\/2758","targetHints":{"allow":["GET"]}}],"collection":[{"href":"https:\/\/www.friedensplattform.at\/index.php?rest_route=\/wp\/v2\/posts"}],"about":[{"href":"https:\/\/www.friedensplattform.at\/index.php?rest_route=\/wp\/v2\/types\/post"}],"author":[{"embeddable":true,"href":"https:\/\/www.friedensplattform.at\/index.php?rest_route=\/wp\/v2\/users\/2"}],"replies":[{"embeddable":true,"href":"https:\/\/www.friedensplattform.at\/index.php?rest_route=%2Fwp%2Fv2%2Fcomments&post=2758"}],"version-history":[{"count":0,"href":"https:\/\/www.friedensplattform.at\/index.php?rest_route=\/wp\/v2\/posts\/2758\/revisions"}],"wp:attachment":[{"href":"https:\/\/www.friedensplattform.at\/index.php?rest_route=%2Fwp%2Fv2%2Fmedia&parent=2758"}],"wp:term":[{"taxonomy":"category","embeddable":true,"href":"https:\/\/www.friedensplattform.at\/index.php?rest_route=%2Fwp%2Fv2%2Fcategories&post=2758"},{"taxonomy":"post_tag","embeddable":true,"href":"https:\/\/www.friedensplattform.at\/index.php?rest_route=%2Fwp%2Fv2%2Ftags&post=2758"}],"curies":[{"name":"wp","href":"https:\/\/api.w.org\/{rel}","templated":true}]}}