{"id":276,"date":"2008-01-16T23:55:59","date_gmt":"2008-01-16T21:55:59","guid":{"rendered":"http:\/\/www.luxorbis.org\/friedensplattform.at\/?p=276"},"modified":"2008-01-16T23:55:59","modified_gmt":"2008-01-16T21:55:59","slug":"erklarung-der-steirischen-friedensplattform-zu-den-auserungen-der-spitzenkandidatin-der-grazer-fpo","status":"publish","type":"post","link":"https:\/\/www.friedensplattform.at\/?p=276","title":{"rendered":"Erkl&#228;rung der Steirischen Friedensplattform zu den &#196;u&#223;erungen der Spitzenkandidatin der Grazer FP&#214;"},"content":{"rendered":"<p>Die Steirische Friedensplattform, in der seit Jahren neben vielf\u00e4ltigen Sensibilisierungen Menschen mit christlicher als auch muslimischer Religionsanschauung gegen Krieg, soziale Ungerechtigkeit, Rassismus, Ausl\u00e4nderfeindlichkeit, f\u00fcr Frieden und f\u00fcr ein tolerantes Zusammenleben aller Kulturkreise eintreten, verurteilt auf das Sch\u00e4rfste die in der j\u00fcngeren Geschichte unseres Landes beispiellose Hetze gegen den Islam durch die Spitzenkandidatin der Grazer FP\u00d6. Es handelt sich um provokatorische bewu\u00dfte fremdenfeindliche islamophobe \u00c4u\u00dferungen, um die Angst vor dem Anderen, das Fremde zu sch\u00fcren und so populistisch auf Stimmenfang zu gehen. M\u00f6gen die GrazerInnen am kommenden Wahlsonntag zeigen, dass Graz eine offene tolerante Stadt ist und dieser fremdenfeindlichen Partei eine Abfuhr erteilen.<\/p>\n<p>Die Steirische Friedensplattform<\/p>\n","protected":false},"excerpt":{"rendered":"<p>Die Steirische Friedensplattform, in der seit Jahren neben vielf\u00e4ltigen Sensibilisierungen Menschen mit christlicher als auch muslimischer Religionsanschauung gegen Krieg, soziale Ungerechtigkeit, Rassismus, Ausl\u00e4nderfeindlichkeit, f\u00fcr Frieden und f\u00fcr ein tolerantes Zusammenleben aller Kulturkreise eintreten, verurteilt auf das Sch\u00e4rfste die in der j\u00fcngeren Geschichte unseres Landes beispiellose Hetze gegen den Islam durch die Spitzenkandidatin der Grazer FP\u00d6. &hellip; <a href=\"https:\/\/www.friedensplattform.at\/?p=276\" class=\"more-link\"><span class=\"screen-reader-text\">Erkl&#228;rung der Steirischen Friedensplattform zu den &#196;u&#223;erungen der Spitzenkandidatin der Grazer FP&#214;<\/span> weiterlesen <span class=\"meta-nav\">&rarr;<\/span><\/a><\/p>\n","protected":false},"author":1,"featured_media":0,"comment_status":"open","ping_status":"open","sticky":false,"template":"","format":"standard","meta":{"footnotes":""},"categories":[1],"tags":[],"class_list":["post-276","post","type-post","status-publish","format-standard","hentry","category-allgemein"],"_links":{"self":[{"href":"https:\/\/www.friedensplattform.at\/index.php?rest_route=\/wp\/v2\/posts\/276","targetHints":{"allow":["GET"]}}],"collection":[{"href":"https:\/\/www.friedensplattform.at\/index.php?rest_route=\/wp\/v2\/posts"}],"about":[{"href":"https:\/\/www.friedensplattform.at\/index.php?rest_route=\/wp\/v2\/types\/post"}],"author":[{"embeddable":true,"href":"https:\/\/www.friedensplattform.at\/index.php?rest_route=\/wp\/v2\/users\/1"}],"replies":[{"embeddable":true,"href":"https:\/\/www.friedensplattform.at\/index.php?rest_route=%2Fwp%2Fv2%2Fcomments&post=276"}],"version-history":[{"count":0,"href":"https:\/\/www.friedensplattform.at\/index.php?rest_route=\/wp\/v2\/posts\/276\/revisions"}],"wp:attachment":[{"href":"https:\/\/www.friedensplattform.at\/index.php?rest_route=%2Fwp%2Fv2%2Fmedia&parent=276"}],"wp:term":[{"taxonomy":"category","embeddable":true,"href":"https:\/\/www.friedensplattform.at\/index.php?rest_route=%2Fwp%2Fv2%2Fcategories&post=276"},{"taxonomy":"post_tag","embeddable":true,"href":"https:\/\/www.friedensplattform.at\/index.php?rest_route=%2Fwp%2Fv2%2Ftags&post=276"}],"curies":[{"name":"wp","href":"https:\/\/api.w.org\/{rel}","templated":true}]}}