{"id":2769,"date":"2013-01-15T08:04:43","date_gmt":"2013-01-15T06:04:43","guid":{"rendered":"http:\/\/www.luxorbis.org\/friedensplattform.at\/?p=2769"},"modified":"2013-01-15T08:04:43","modified_gmt":"2013-01-15T06:04:43","slug":"brd-unterstuetzt-krieg","status":"publish","type":"post","link":"https:\/\/www.friedensplattform.at\/?p=2769","title":{"rendered":"BRD unterst&#252;tzt Krieg"},"content":{"rendered":"<h1 style=\"font-family: 'Trebuchet MS', Lucida, 'Bitstream Vera sans', Helvetica, Arial, sans-serif; font-size: 22px; line-height: 30px; margin: 15px 0px 5px;\"><\/h1>\n<h3>Bereits zahlreiche Tote bei franz\u00f6sischen Luftangriffen auf St\u00e4dte im Norden Malis. Westen begr\u00fc\u00dft Attacken. Bundesregierung k\u00fcndigt \u00bblogistische\u00ab Beteiligung an<\/h3>\n<address style=\"font-family: 'Trebuchet MS', Lucida, 'Bitstream Vera sans', Helvetica, Arial, sans-serif; font-size: 12px; line-height: 16px; color: #666666; margin: 0px 0px 15px;\">Von Simon Loidl \u00a0 \u00a0 \u00a0 jW vom 15.1.13<!--more--><\/address>\n<div style=\"font-family: 'Trebuchet MS', Lucida, 'Bitstream Vera sans', Helvetica, Arial, sans-serif; font-size: 12px; line-height: 16px; margin: 12px 0px 35px;\">\n<div style=\"float: left; margin: 0px 10px 5px 0px;\">\n<table style=\"font-size: 12px; line-height: 16px;\" border=\"0\" width=\"50\" summary=\"Designtabelle\">\n<tbody>\n<tr>\n<td style=\"font-size: 12px;\"><a style=\"color: #666666;\"><img decoding=\"async\" id=\"img42243\" src=\"http:\/\/www.jungewelt.de\/serveImage.php?id=42243&amp;ext=.jpg\" alt=\"Von der tschadischen Hauptstadt N\u2019Djamena aus starten fran\" \/><\/a><\/p>\n<div style=\"font-size: 10px; line-height: 14px; font-style: italic; color: #666666;\">Von der tschadischen Hauptstadt N\u2019Djamena aus starten franz\u00f6sische Bomber zu ihren Attacken in Mali<\/div>\n<div style=\"font-size: 10px; line-height: 14px; font-style: italic; color: #666666;\">Foto: AP<\/div>\n<\/td>\n<\/tr>\n<\/tbody>\n<\/table>\n<\/div>\n<p>Frankreich hat am Montag seine Luftangriffe auf Ziele im Norden Malis fortgesetzt. Bei den seit Freitag andauernden Attacken in dem westafrikanischen Land wurden verschiedenen Angaben zufolge bereits Dutzende Menschen get\u00f6tet.<\/p>\n<p>Allein bei dem Angriff auf die zentralmalische Stadt Gao starben laut der Nachrichtenagentur AFP mehr als 60 \u00bbislamistische K\u00e4mpfer\u00ab. W\u00e4hrend franz\u00f6sische Armee und Agenturen ausschlie\u00dflich Aufst\u00e4ndische als Opfer vermelden, warnen Hilforganisationen vor den Auswirkungen auf die Zivilbev\u00f6lkerung. Nach Angaben von World Vision sind fast 10000 Menschen auf der Flucht vor den Angriffen. Auch \u00c4rzte ohne Grenzen (MSF) zeigte sich besorgt \u00fcber die Zivilisten, die im Kampfgebiet wohnen. Gegner des Milit\u00e4reinsatzes warnen bereits seit Monaten vor einer dramatischen Versch\u00e4rfung der Situation der Bev\u00f6lkerung durch eine Intervention.<\/p>\n<p>\u00dcber den Verlauf der K\u00e4mpfe gab es am Montag widerspr\u00fcchliche Meldungen. Die franz\u00f6sische Regierung sprach laut AFP davon, da\u00df die islamistischen Gruppen im Osten Malis \u00bbauf dem R\u00fcckzug\u00ab seien. Verteidigungsminister Jean-Yves Le Drian r\u00e4umte aber \u00bbSchwierigkeiten\u00ab im Westen des Landes ein, wo den franz\u00f6sischen Soldaten \u00bbextrem gut bewaffnete K\u00e4mpfer\u00ab gegen\u00fcberst\u00fcnden. Aber auch die zentralmalische Stadt Diabaly wurde nach \u00bbschweren K\u00e4mpfen\u00ab von Aufst\u00e4ndischen erobert. Laut dapd berichtete ein \u00bbKommandeur\u00ab, da\u00df sich diese nun der strategisch wichtigen Stadt Segou n\u00e4hern w\u00fcrden.<\/p>\n<p>Unterdessen haben westliche Staaten den Angriff begr\u00fc\u00dft. Die USA k\u00fcndigten an, Frankreich mit geheimdienstlichen Informationen und Logistik unter die Arme zu greifen. Laut New York Times hat Washington w\u00e4hrend der vergangenen vier Jahre bis zu 600 Millionen Dollar in den Aufbau von \u00bbAntiterror\u00ab-Strukturen in der Region gesteckt \u2013 unter anderem sind US-Spionageflugzeuge und \u00dcberwachungsdrohnen dort im Einsatz.<\/p>\n<p>Gro\u00dfbritannien k\u00fcndigte an, Transportflugzeuge zu liefern, und auch die Bundesrepublik will bei dem Krieg mitmachen. Au\u00dfenminister Guido Westerwelle hat seinem franz\u00f6sischen Kollegen Laurent Fabius angeboten, \u00bbgemeinsam mit der franz\u00f6sischen Regierung zu pr\u00fcfen\u00ab, wie die Bundesrepublik den Einsatz \u00bbpolitisch, logistisch, medizinisch und humanit\u00e4r unterst\u00fctzen k\u00f6nne\u00ab. Die beiden Au\u00dfenminister erkl\u00e4rten zudem, da\u00df die Planung einer EU-Ausbildungsmission f\u00fcr die malischen Streitkr\u00e4fte \u00bbmit noch gr\u00f6\u00dferer Intensit\u00e4t und so schnell wie m\u00f6glich\u00ab weitergehen m\u00fc\u00dfte.<\/p>\n<p>Dem Fraktionschef der Gr\u00fcnen, J\u00fcrgen Trittin, reicht dies nicht. Laut Spiegel online hat er den franz\u00f6sischen Einsatz in Mali am Montag ausdr\u00fccklich begr\u00fc\u00dft und ein \u00bbentschiedenes deutsches Engagement\u00ab gefordert. Dabei kritisierte Trittin die seiner Ansicht nach z\u00f6gerliche Haltung der Bundesregierung zu dem Krieg: \u00bbIch w\u00fcrde von einem Au\u00dfenminister gerne einmal h\u00f6ren, was geht, und nicht nur, was alles nicht geht\u00ab, sagte Trittin dem Nachrichtenportal.<\/p>\n<p>Die Sprecherin f\u00fcr Internationale Beziehungen der Linke-Fraktion, Sevim Dagdelen, hingegen verurteilte die \u00bbv\u00f6lkerrechtswidrigen Luftangriffe Frankreichs in Mali\u00ab. Diese w\u00fcrden \u00bbdeutliche Z\u00fcge eines \u203aKrieges gegen den Terror\u2039\u00ab tragen, an dem sich die Bundesrepublik \u00bbauf keinen Fall beteiligen darf\u00ab. Frankreich mache bei seiner \u00bblange vorbereiteten\u00ab Intervention \u00bbkeine Unterschiede zwischen K\u00e4mpfern und Zivilisten\u00ab, so Dagdelen.<\/p><\/div>\n<div id=\"ID_ArticleAppendix\" style=\"font-family: Arial, sans-serif !important; font-size: 12px; line-height: 16px; clear: both;\">\n<div id=\"ID_Articlerating\" style=\"margin: 12px 0px; padding: 12px 0px 0px 12px;\">\n<form style=\"margin: 0px; padding: 0px;\" action=\"http:\/\/www.jungewelt.de\/2013\/01-15\/059.php\" method=\"post\">\n<fieldset style=\"border: 0px; margin: 0px; padding: 0px;\">\n<legend style=\"font-size: 9px; line-height: 12px; font-weight: bold; color: #666666; text-transform: uppercase; padding-bottom: 12px;\">LESEN UND LESEN LASSEN<\/legend>\n<\/fieldset>\n<\/form>\n<\/div>\n<\/div>\n","protected":false},"excerpt":{"rendered":"<p>Bereits zahlreiche Tote bei franz\u00f6sischen Luftangriffen auf St\u00e4dte im Norden Malis. Westen begr\u00fc\u00dft Attacken. Bundesregierung k\u00fcndigt \u00bblogistische\u00ab Beteiligung an Von Simon Loidl \u00a0 \u00a0 \u00a0 jW vom 15.1.13<\/p>\n","protected":false},"author":2,"featured_media":0,"comment_status":"open","ping_status":"open","sticky":false,"template":"","format":"standard","meta":{"footnotes":""},"categories":[2],"tags":[],"class_list":["post-2769","post","type-post","status-publish","format-standard","hentry","category-afrikanischer-raum"],"_links":{"self":[{"href":"https:\/\/www.friedensplattform.at\/index.php?rest_route=\/wp\/v2\/posts\/2769","targetHints":{"allow":["GET"]}}],"collection":[{"href":"https:\/\/www.friedensplattform.at\/index.php?rest_route=\/wp\/v2\/posts"}],"about":[{"href":"https:\/\/www.friedensplattform.at\/index.php?rest_route=\/wp\/v2\/types\/post"}],"author":[{"embeddable":true,"href":"https:\/\/www.friedensplattform.at\/index.php?rest_route=\/wp\/v2\/users\/2"}],"replies":[{"embeddable":true,"href":"https:\/\/www.friedensplattform.at\/index.php?rest_route=%2Fwp%2Fv2%2Fcomments&post=2769"}],"version-history":[{"count":0,"href":"https:\/\/www.friedensplattform.at\/index.php?rest_route=\/wp\/v2\/posts\/2769\/revisions"}],"wp:attachment":[{"href":"https:\/\/www.friedensplattform.at\/index.php?rest_route=%2Fwp%2Fv2%2Fmedia&parent=2769"}],"wp:term":[{"taxonomy":"category","embeddable":true,"href":"https:\/\/www.friedensplattform.at\/index.php?rest_route=%2Fwp%2Fv2%2Fcategories&post=2769"},{"taxonomy":"post_tag","embeddable":true,"href":"https:\/\/www.friedensplattform.at\/index.php?rest_route=%2Fwp%2Fv2%2Ftags&post=2769"}],"curies":[{"name":"wp","href":"https:\/\/api.w.org\/{rel}","templated":true}]}}